{"id":964,"date":"2009-08-12T16:53:00","date_gmt":"2009-08-12T16:53:00","guid":{"rendered":"http:\/\/amoranegra.pt\/wp\/2009\/08\/12\/oficina-de-contadores-na-biblioteca-de\/"},"modified":"2009-08-12T16:53:00","modified_gmt":"2009-08-12T16:53:00","slug":"oficina-de-contadores-na-biblioteca-de","status":"publish","type":"post","link":"https:\/\/amoranegra.pt\/?p=964","title":{"rendered":"Oficina de Contadores na Biblioteca de S. Mamede"},"content":{"rendered":"<p><img loading=\"lazy\" decoding=\"async\" class=\"\" src=\"http:\/\/amoranegra.pt\/wp\/wp-content\/uploads\/2009\/08\/bibl_saomamede1.jpg\" width=\"600\" height=\"435\" \/><br \/>\nCarlos Alberto Silva apresentou diversos exemplos.<\/p>\n<p>Carlos Alberto Silva desenvolveu, no passado dia 25 de Julho, pelas 21h00, uma \u00abOficina de Contadores para Pais e Filhos\u00bb no P\u00f3lo de S. Mamede da Biblioteca Municipal da Batalha. Com cerca de uma d\u00fazia de participantes, entre adultos e crian\u00e7as, a ac\u00e7\u00e3o, de pendor te\u00f3rico-pr\u00e1tico, pretendeu estimular comportamentos activos de promo\u00e7\u00e3o precoce da literacia no meio familiar.<br \/>\nOs participantes reflectiram sobre a import\u00e2ncia dos pais desenvolverem h\u00e1bitos de conversa\u00e7\u00e3o com os filhos, logo desde o nascimento, utilizando muitos dos recursos da chamada \u00abliteratura oral\u00bb tradicional, como as can\u00e7\u00f5es de embalar, as rimas com movimento, os trava-l\u00ednguas, as lengalengas e os rimances, de que a nossa cultura \u00e9 riqu\u00edssima. Mas tamb\u00e9m o uso do livro foi aqui referido, praticando-se diversas estrat\u00e9gias a desenvolver em ambiente familiar. Uma das t\u00e9cnicas abordadas foi a denominada \u00ableitura dial\u00f3gica\u00bb. Que livros adquirir (ou requisitar na biblioteca) em fun\u00e7\u00e3o das caracter\u00edsticas dos v\u00e1rios n\u00edveis et\u00e1rios foi outro dos assuntos aflorados.<br \/>\nFoi ainda distribu\u00edda aos adultos presentes uma brochura denominada \u00abRecursos para pais contadores de hist\u00f3rias\u00bb.<\/p>\n<p>in Jornal das Cortes n\u00ba 261, Agosto de 2009<\/p>\n","protected":false},"excerpt":{"rendered":"<p>Carlos Alberto Silva apresentou diversos exemplos. Carlos Alberto Silva desenvolveu, no passado dia 25 de Julho, pelas 21h00, uma \u00abOficina de Contadores para Pais e Filhos\u00bb no P\u00f3lo de S. Mamede da Biblioteca Municipal da Batalha. Com cerca de uma &hellip; <a href=\"https:\/\/amoranegra.pt\/?p=964\">Continuar a ler <span class=\"meta-nav\">&rarr;<\/span><\/a><\/p>\n","protected":false},"author":2,"featured_media":0,"comment_status":"closed","ping_status":"closed","sticky":false,"template":"","format":"standard","meta":{"_jetpack_memberships_contains_paid_content":false,"footnotes":""},"categories":[5],"tags":[],"class_list":["post-964","post","type-post","status-publish","format-standard","hentry","category-noticias"],"jetpack_featured_media_url":"","jetpack_sharing_enabled":true,"_links":{"self":[{"href":"https:\/\/amoranegra.pt\/index.php?rest_route=\/wp\/v2\/posts\/964","targetHints":{"allow":["GET"]}}],"collection":[{"href":"https:\/\/amoranegra.pt\/index.php?rest_route=\/wp\/v2\/posts"}],"about":[{"href":"https:\/\/amoranegra.pt\/index.php?rest_route=\/wp\/v2\/types\/post"}],"author":[{"embeddable":true,"href":"https:\/\/amoranegra.pt\/index.php?rest_route=\/wp\/v2\/users\/2"}],"replies":[{"embeddable":true,"href":"https:\/\/amoranegra.pt\/index.php?rest_route=%2Fwp%2Fv2%2Fcomments&post=964"}],"version-history":[{"count":0,"href":"https:\/\/amoranegra.pt\/index.php?rest_route=\/wp\/v2\/posts\/964\/revisions"}],"wp:attachment":[{"href":"https:\/\/amoranegra.pt\/index.php?rest_route=%2Fwp%2Fv2%2Fmedia&parent=964"}],"wp:term":[{"taxonomy":"category","embeddable":true,"href":"https:\/\/amoranegra.pt\/index.php?rest_route=%2Fwp%2Fv2%2Fcategories&post=964"},{"taxonomy":"post_tag","embeddable":true,"href":"https:\/\/amoranegra.pt\/index.php?rest_route=%2Fwp%2Fv2%2Ftags&post=964"}],"curies":[{"name":"wp","href":"https:\/\/api.w.org\/{rel}","templated":true}]}}