{"id":963,"date":"2009-08-12T17:02:00","date_gmt":"2009-08-12T17:02:00","guid":{"rendered":"http:\/\/amoranegra.pt\/wp\/2009\/08\/12\/conversar-desde-o-berco\/"},"modified":"2009-08-12T17:02:00","modified_gmt":"2009-08-12T17:02:00","slug":"conversar-desde-o-berco","status":"publish","type":"post","link":"https:\/\/amoranegra.pt\/?p=963","title":{"rendered":"Conversar desde o ber\u00e7o"},"content":{"rendered":"<p><a href=\"http:\/\/4.bp.blogspot.com\/_0kkfQ7c7xYQ\/SqvY8rj0QII\/AAAAAAAAAfI\/rokYfKBtmOo\/s1600-h\/beb%C3%A9_livro.jpg\"><img decoding=\"async\" id=\"BLOGGER_PHOTO_ID_5380632716820889730\" style=\"cursor:pointer;height:388px;width:400px;\" src=\"http:\/\/amoranegra.pt\/wp\/wp-content\/uploads\/2009\/08\/beb\u00e9_livro.jpg\" alt=\"\" border=\"0\" \/><\/a><\/p>\n<div style=\"font-family:inherit;\"><i>As seguintes orienta\u00e7\u00f5es foram recolhidas do desdobr\u00e1vel \u00abConversar desde o ber\u00e7o. Dicas para os pais de actividades l\u00fadicas favor\u00e1veis \u00e0 comunica\u00e7\u00e3o dos filhos\u201d, da autoria de Lu\u00edsa Neiva Ara\u00fajo, Maria do C\u00e9u Espinheira, Teresa Andrade, F\u00e1tima Pinto, do Centro de Sa\u00fade da Carvalhosa e Foz do Douro.<\/i><\/div>\n<p><!--more--><\/p>\n<div style=\"font-family:inherit;\">0-3 meses<br \/>\nOlhe, fixe, fale, cante e sorria para o seu beb\u00e9!<br \/>\nImite e responda aos barulhos e ao balbuciar do seu beb\u00e9: ele est\u00e1 a falar consigo!<br \/>\nObserve o seu beb\u00e9 enquanto fala e d\u00ea-lhe tempo para responder!<br \/>\nFa\u00e7a jogos de &#8220;caretas&#8221;: deite a l\u00edngua de fora, pisque os olhos, tussa ou boceje&#8230;<\/div>\n<p>3-6 meses<br \/>\nFale com o beb\u00e9!<br \/>\nSe o beb\u00e9 usa chupeta, tire-a durante estas &#8220;primeiras conversas&#8221;&#8230;<br \/>\nDivirta-se com rimas de crian\u00e7as e can\u00e7\u00f5es, especialmente as que t\u00eam ac\u00e7\u00f5es.<br \/>\nCante e mude o tom da sua voz, fa\u00e7a gestos, ou inclua o nome do seu filho ou dos familiares e amigos.<\/p>\n<p>6-9 meses<br \/>\nFale, pausadamente, palavras soltas ou frases curtas.<br \/>\nFale sobre o que est\u00e1 a fazer durante o dia, quando lhe estiver a dar banho, vestir, comer ou a mudar-lhe a fralda&#8230;<br \/>\nEscute e responda aos sons do seu filho. Se lhe soar a uma palavra, repita-a.<br \/>\n\u00c9 a idade ideal para hist\u00f3rias simples, rimas e cantilenas.<br \/>\nMostre-lhe livros com imagens. Aponte-lhe os objectos e diga os seus nomes.<\/p>\n<p>9-12 meses<br \/>\nFale muitas vezes com o beb\u00e9. Ele aprende s\u00f3 de a ouvir!<br \/>\nUse uma linguagem clara e bem articulada, sem distorcer as palavras ou usar diminutivos.<br \/>\nLeia-lhe em voz alta!<br \/>\nSente-se confortavelmente e leia livros com ilustra\u00e7\u00f5es grandes e simples ou fale sobre fotografias.<\/p>\n<p>12-18 meses<br \/>\nCrie um tempo di\u00e1rio de brincadeira a dois, concentrando-se apenas no que o seu filho quer fazer. Este tempo de brincadeira n\u00e3o deve ter distrac\u00e7\u00f5es (desligue a televis\u00e3o, o r\u00e1dio&#8230;).<br \/>\nQuestione a crian\u00e7a, d\u00ea-lhe alternativas de resposta e aproveite para enriquecer e expandir a conversa.<br \/>\nTente falar sobre coisas em que o seu filho mostra interesse.<br \/>\nAo brincar, fa\u00e7a muitos sons para acompanhar o que est\u00e1 a acontecer.<\/p>\n<p>18-24 meses<br \/>\nMostre interesse, sorria em resposta \u00e0s tentativas de comunica\u00e7\u00e3o do seu filho!<br \/>\nRepita e reforce as palavras do seu filho.<br \/>\nTenha paci\u00eancia e n\u00e3o insista em que diga logo as palavras correctamente. D\u00ea-lhe tempo. \u00c9 melhor voltar a repetir a palavra do que corrigi-lo.<br \/>\nQuando estiverem juntos a ler um livro, aponte algumas coisas que l\u00ea, refira pormenores e questione.<\/p>\n<p>2-3 anos<br \/>\nA conversa agora \u00e9 muito mais equilibrada. A crian\u00e7a j\u00e1 n\u00e3o \u00e9 um aprendiz da linguagem, mas sim um parceiro de conversa.<br \/>\nD\u00ea-lhe tempo para falar, ouvir e responder-lhe.<br \/>\nEle adora passar tempo consigo, a ler livros, cantar e falar de actividades.<br \/>\nUse fantoches, personagens de hist\u00f3rias infantis e ilustra\u00e7\u00f5es para entusiasmar o seu filho a gostar que lhe leia hist\u00f3rias.<br \/>\n\u00c9 bom ler os livros favoritos juntos muitas vezes. Isso ajuda a crian\u00e7a a compreender e a lembrar a linguagem ouvida.<\/p>\n<p>3-5 anos<br \/>\nJunte-se ao seu filho nas &#8220;brincadeiras de faz-de-conta&#8221;.<br \/>\nLimite o tempo de televis\u00e3o. Tente v\u00ea-la com o seu filho para que possam falar sobre o que acontece.<br \/>\nCrie o h\u00e1bito de ler uma hist\u00f3ria ao deitar. Ler livros \u00e9 uma maneira \u00f3ptima de ajudar o seu filho a desenvolver a linguagem.<\/p>\n","protected":false},"excerpt":{"rendered":"<p>As seguintes orienta\u00e7\u00f5es foram recolhidas do desdobr\u00e1vel \u00abConversar desde o ber\u00e7o. Dicas para os pais de actividades l\u00fadicas favor\u00e1veis \u00e0 comunica\u00e7\u00e3o dos filhos\u201d, da autoria de Lu\u00edsa Neiva Ara\u00fajo, Maria do C\u00e9u Espinheira, Teresa Andrade, F\u00e1tima Pinto, do Centro de &hellip; <a href=\"https:\/\/amoranegra.pt\/?p=963\">Continuar a ler <span class=\"meta-nav\">&rarr;<\/span><\/a><\/p>\n","protected":false},"author":2,"featured_media":0,"comment_status":"closed","ping_status":"closed","sticky":false,"template":"","format":"standard","meta":{"_jetpack_memberships_contains_paid_content":false,"footnotes":""},"categories":[14],"tags":[],"class_list":["post-963","post","type-post","status-publish","format-standard","hentry","category-da-leitura"],"jetpack_featured_media_url":"","jetpack_sharing_enabled":true,"_links":{"self":[{"href":"https:\/\/amoranegra.pt\/index.php?rest_route=\/wp\/v2\/posts\/963","targetHints":{"allow":["GET"]}}],"collection":[{"href":"https:\/\/amoranegra.pt\/index.php?rest_route=\/wp\/v2\/posts"}],"about":[{"href":"https:\/\/amoranegra.pt\/index.php?rest_route=\/wp\/v2\/types\/post"}],"author":[{"embeddable":true,"href":"https:\/\/amoranegra.pt\/index.php?rest_route=\/wp\/v2\/users\/2"}],"replies":[{"embeddable":true,"href":"https:\/\/amoranegra.pt\/index.php?rest_route=%2Fwp%2Fv2%2Fcomments&post=963"}],"version-history":[{"count":0,"href":"https:\/\/amoranegra.pt\/index.php?rest_route=\/wp\/v2\/posts\/963\/revisions"}],"wp:attachment":[{"href":"https:\/\/amoranegra.pt\/index.php?rest_route=%2Fwp%2Fv2%2Fmedia&parent=963"}],"wp:term":[{"taxonomy":"category","embeddable":true,"href":"https:\/\/amoranegra.pt\/index.php?rest_route=%2Fwp%2Fv2%2Fcategories&post=963"},{"taxonomy":"post_tag","embeddable":true,"href":"https:\/\/amoranegra.pt\/index.php?rest_route=%2Fwp%2Fv2%2Ftags&post=963"}],"curies":[{"name":"wp","href":"https:\/\/api.w.org\/{rel}","templated":true}]}}