{"id":962,"date":"2011-04-07T15:26:00","date_gmt":"2011-04-07T15:26:00","guid":{"rendered":"http:\/\/amoranegra.pt\/wp\/2011\/04\/07\/o-urso-que-perdera-o-coracao\/"},"modified":"2011-04-07T15:26:00","modified_gmt":"2011-04-07T15:26:00","slug":"o-urso-que-perdera-o-coracao","status":"publish","type":"post","link":"https:\/\/amoranegra.pt\/?p=962","title":{"rendered":"\u00abO urso que perdera o cora\u00e7\u00e3o\u00bb apresentado no Centro Escolar dos Vieirinhos"},"content":{"rendered":"<p><img loading=\"lazy\" decoding=\"async\" class=\"\" src=\"http:\/\/amoranegra.pt\/wp\/wp-content\/uploads\/2011\/04\/vieirinhos001.jpg\" width=\"600\" height=\"451\" \/><\/p>\n<p>O professor bibliotec\u00e1rio e escritor Carlos Alberto Silva esteve, no passado dia 5 de Abril, na Biblioteca do Centro Escolar dos Vieirinhos, Agrupamento da Guia, Pombal, onde conversou com alunos do Pr\u00e9-escolar e 1\u00ba CEB, das escolas de Carri\u00e7o, Caxaria, Silveirinha Grande e Vieirinhos.<br \/>\nAcompanhado da mascote Camila &#8211; da BE do Agrupamento de Porto de M\u00f3s, onde trabalha -, o autor narrou v\u00e1rias hist\u00f3rias da sua autoria, nomedamente, \u00abO urso que perdera o cora\u00e7\u00e3o\u00bb, publicada no final do ano passado, e \u00ab\u00d3 Sim\u00e3o, seu trapalh\u00e3o&#8230;\u00bb, a publicar brevemente. Este \u00faltimo, em tom humor\u00edstico, aborda o tema dos acidentes dom\u00e9sticos com crian\u00e7as, alertando para alguns comportamentos de risco.<br \/>\nCarlos Alberto Silva explicou ainda as t\u00e9cnicas que utilizou para ilustrar alguns dos seus livros e conversou sobre a sua experi\u00eancia como autor e professor bibliotec\u00e1rio. No final de cada uma das sess\u00f5es, duas de manh\u00e3 e uma \u00e0 tarde, houve ainda tempo para aut\u00f3grafos.<\/p>\n","protected":false},"excerpt":{"rendered":"<p>O professor bibliotec\u00e1rio e escritor Carlos Alberto Silva esteve, no passado dia 5 de Abril, na Biblioteca do Centro Escolar dos Vieirinhos, Agrupamento da Guia, Pombal, onde conversou com alunos do Pr\u00e9-escolar e 1\u00ba CEB, das escolas de Carri\u00e7o, Caxaria, &hellip; <a href=\"https:\/\/amoranegra.pt\/?p=962\">Continuar a ler <span class=\"meta-nav\">&rarr;<\/span><\/a><\/p>\n","protected":false},"author":2,"featured_media":0,"comment_status":"closed","ping_status":"closed","sticky":false,"template":"","format":"standard","meta":{"_jetpack_memberships_contains_paid_content":false,"footnotes":""},"categories":[5],"tags":[],"class_list":["post-962","post","type-post","status-publish","format-standard","hentry","category-noticias"],"jetpack_featured_media_url":"","jetpack_sharing_enabled":true,"_links":{"self":[{"href":"https:\/\/amoranegra.pt\/index.php?rest_route=\/wp\/v2\/posts\/962","targetHints":{"allow":["GET"]}}],"collection":[{"href":"https:\/\/amoranegra.pt\/index.php?rest_route=\/wp\/v2\/posts"}],"about":[{"href":"https:\/\/amoranegra.pt\/index.php?rest_route=\/wp\/v2\/types\/post"}],"author":[{"embeddable":true,"href":"https:\/\/amoranegra.pt\/index.php?rest_route=\/wp\/v2\/users\/2"}],"replies":[{"embeddable":true,"href":"https:\/\/amoranegra.pt\/index.php?rest_route=%2Fwp%2Fv2%2Fcomments&post=962"}],"version-history":[{"count":0,"href":"https:\/\/amoranegra.pt\/index.php?rest_route=\/wp\/v2\/posts\/962\/revisions"}],"wp:attachment":[{"href":"https:\/\/amoranegra.pt\/index.php?rest_route=%2Fwp%2Fv2%2Fmedia&parent=962"}],"wp:term":[{"taxonomy":"category","embeddable":true,"href":"https:\/\/amoranegra.pt\/index.php?rest_route=%2Fwp%2Fv2%2Fcategories&post=962"},{"taxonomy":"post_tag","embeddable":true,"href":"https:\/\/amoranegra.pt\/index.php?rest_route=%2Fwp%2Fv2%2Ftags&post=962"}],"curies":[{"name":"wp","href":"https:\/\/api.w.org\/{rel}","templated":true}]}}