{"id":961,"date":"2011-12-08T22:50:00","date_gmt":"2011-12-08T22:50:00","guid":{"rendered":"http:\/\/amoranegra.pt\/wp\/2011\/12\/08\/carlos-alberto-silva-visita-escolas-e\/"},"modified":"2011-12-08T22:50:00","modified_gmt":"2011-12-08T22:50:00","slug":"carlos-alberto-silva-visita-escolas-e","status":"publish","type":"post","link":"https:\/\/amoranegra.pt\/?p=961","title":{"rendered":"Carlos Alberto Silva visita escolas e Jardins-de-inf\u00e2ncia das Cortes"},"content":{"rendered":"<div style=\"text-align:left;\"><img loading=\"lazy\" decoding=\"async\" class=\"\" title=\"Na EB1 de Cortes\" src=\"http:\/\/www.textiverso.com\/images\/stories\/noticias\/eb1_cortes_cor.jpg\" alt=\"eb1_cortes_cor\" width=\"600\" height=\"440\" \/><\/div>\n<div><\/div>\n<div style=\"text-align:left;\">O professor e escritor Carlos Alberto\u00a0Silva dinamizou, durante o m\u00eas de Novembro, sess\u00f5es de anima\u00e7\u00e3o da\u00a0leitura nas escolas e jardins-de-inf\u00e2ncia da freguesia de Cortes,\u00a0concelho de Leiria, a fim de promover o seu novo livro \u00ab\u00d3 Sim\u00e3o, seu\u00a0trapalh\u00e3o, j\u00e1 armaste confus\u00e3o\u00bb.<\/div>\n<div style=\"text-align:left;\">No dia 2 de Novembro, foi a vez do\u00a0Jardim-de-inf\u00e2ncia da Reixida. Depois de falar sobre a sua actividade\u00a0como professor bibliotec\u00e1rio, o escritor narrou e leu diversas\u00a0hist\u00f3rias, nomeadamente a sua \u00faltima. A receptividade das crian\u00e7as \u00e0\u00a0actividade foi enorme, tendo esta terminado com uma sess\u00e3o de\u00a0aut\u00f3grafos.<\/div>\n<p>No dia 9, foi o Jardim-de-inf\u00e2ncia de Famalic\u00e3o o contemplado. O\u00a0programa da sess\u00e3o foi do mesmo teor da antecedente, igualmente com uma\u00a0receptividade assinal\u00e1vel por parte dos destinat\u00e1rios.<\/p>\n<p><img loading=\"lazy\" decoding=\"async\" class=\"\" title=\"No Jardim de Inf\u00e2ncia da Reixida\" src=\"http:\/\/www.textiverso.com\/images\/stories\/noticias\/ji_reixida_cor.jpg\" alt=\"ji_reixida_cor\" width=\"600\" height=\"440\" \/><\/p>\n<p>No dia 16 Novembro, o autor esteve na EB1 de Cortes. Na sess\u00e3o, que\u00a0durou cerca de hora e meia, o autor come\u00e7ou por falar dos livros que\u00a0escreveu e dos projectos que tem. Falou, muito particularmente, da\u00a0t\u00e9cnica de ilustra\u00e7\u00e3o que usou no livro \u201cO urso que perdera o cora\u00e7\u00e3o\u201d,<br \/>\ndesafiando os alunos a escreveram um livro e a ilustr\u00e1-lo usando a mesma\u00a0t\u00e9cnica. De seguida, leu algumas hist\u00f3rias de outros autores e, por\u00a0fim, o seu \u00faltimo livro. No final, antes da sess\u00e3o de aut\u00f3grafos, o\u00a0autor respondeu ainda a algumas quest\u00f5es colocadas pelos alunos.<\/p>\n<p><img loading=\"lazy\" decoding=\"async\" class=\"\" title=\"No Jardim de Inf\u00e2ncia de Famalic\u00e3o\" src=\"http:\/\/www.textiverso.com\/images\/stories\/noticias\/ji_famalicao_cor.jpg\" alt=\"ji_famalicao_cor\" width=\"600\" height=\"440\" \/><\/p>\n<p>Tamb\u00e9m a EB1 da Reixida recebeu a visita do escritor, no dia 30 do\u00a0mesmo m\u00eas. O programa da sess\u00e3o foi semelhante: leitura de hist\u00f3rias,\u00a0suas e de outros autores, conversa sobre as t\u00e9cnicas de ilustra\u00e7\u00e3o dos\u00a0seus livros e resposta a perguntas dos alunos. As turmas desenvolveram\u00a0um trabalho pr\u00e9vio muito interessante, vis\u00edvel nos in\u00fameros trabalhos\u00a0expostos na sala onde decorreu a actividade. No final, depois de receber\u00a0das m\u00e3os de alguns alunos uma surpresa que estes lhe haviam preparado, o\u00a0escritor passou aos aut\u00f3grafos.<\/p>\n<p>Todas estas sess\u00f5es foram muito animadas e surpreenderam o autor pelo interesse que as crian\u00e7as demonstraram pelo seu trabalho.<\/p>\n<p><img loading=\"lazy\" decoding=\"async\" class=\"\" title=\"Na EB1 da Reixida\" src=\"http:\/\/www.textiverso.com\/images\/stories\/noticias\/eb1_reixida_cor.jpg\" alt=\"eb1_reixida_cor\" width=\"600\" height=\"440\" \/><\/p>\n<p>\u00ab\u00d3 Sim\u00e3o, seu trapalh\u00e3o, j\u00e1 armaste confus\u00e3o\u00bb \u00e9 uma hist\u00f3ria em rima,\u00a0ilustrada a tinta-da-china por Beatriz Silva, que fala, em tom\u00a0bem-humorado, dos riscos e consequ\u00eancias dos acidentes dom\u00e9sticos.<\/p>\n","protected":false},"excerpt":{"rendered":"<p>O professor e escritor Carlos Alberto\u00a0Silva dinamizou, durante o m\u00eas de Novembro, sess\u00f5es de anima\u00e7\u00e3o da\u00a0leitura nas escolas e jardins-de-inf\u00e2ncia da freguesia de Cortes,\u00a0concelho de Leiria, a fim de promover o seu novo livro \u00ab\u00d3 Sim\u00e3o, seu\u00a0trapalh\u00e3o, j\u00e1 armaste confus\u00e3o\u00bb. &hellip; <a href=\"https:\/\/amoranegra.pt\/?p=961\">Continuar a ler <span class=\"meta-nav\">&rarr;<\/span><\/a><\/p>\n","protected":false},"author":2,"featured_media":0,"comment_status":"closed","ping_status":"closed","sticky":false,"template":"","format":"standard","meta":{"_jetpack_memberships_contains_paid_content":false,"footnotes":""},"categories":[5],"tags":[],"class_list":["post-961","post","type-post","status-publish","format-standard","hentry","category-noticias"],"jetpack_featured_media_url":"","jetpack_sharing_enabled":true,"_links":{"self":[{"href":"https:\/\/amoranegra.pt\/index.php?rest_route=\/wp\/v2\/posts\/961","targetHints":{"allow":["GET"]}}],"collection":[{"href":"https:\/\/amoranegra.pt\/index.php?rest_route=\/wp\/v2\/posts"}],"about":[{"href":"https:\/\/amoranegra.pt\/index.php?rest_route=\/wp\/v2\/types\/post"}],"author":[{"embeddable":true,"href":"https:\/\/amoranegra.pt\/index.php?rest_route=\/wp\/v2\/users\/2"}],"replies":[{"embeddable":true,"href":"https:\/\/amoranegra.pt\/index.php?rest_route=%2Fwp%2Fv2%2Fcomments&post=961"}],"version-history":[{"count":0,"href":"https:\/\/amoranegra.pt\/index.php?rest_route=\/wp\/v2\/posts\/961\/revisions"}],"wp:attachment":[{"href":"https:\/\/amoranegra.pt\/index.php?rest_route=%2Fwp%2Fv2%2Fmedia&parent=961"}],"wp:term":[{"taxonomy":"category","embeddable":true,"href":"https:\/\/amoranegra.pt\/index.php?rest_route=%2Fwp%2Fv2%2Fcategories&post=961"},{"taxonomy":"post_tag","embeddable":true,"href":"https:\/\/amoranegra.pt\/index.php?rest_route=%2Fwp%2Fv2%2Ftags&post=961"}],"curies":[{"name":"wp","href":"https:\/\/api.w.org\/{rel}","templated":true}]}}