{"id":960,"date":"2011-12-08T23:26:00","date_gmt":"2011-12-08T23:26:00","guid":{"rendered":"http:\/\/amoranegra.pt\/wp\/2011\/12\/08\/be-das-colmeias-recebe-escritor-carlos\/"},"modified":"2011-12-08T23:26:00","modified_gmt":"2011-12-08T23:26:00","slug":"be-das-colmeias-recebe-escritor-carlos","status":"publish","type":"post","link":"https:\/\/amoranegra.pt\/?p=960","title":{"rendered":"BE das Colmeias recebe escritor Carlos A. Silva"},"content":{"rendered":"<p><img loading=\"lazy\" decoding=\"async\" class=\"\" src=\"http:\/\/amoranegra.pt\/wp\/wp-content\/uploads\/2011\/12\/ebi_colmeias001.jpg\" width=\"616\" height=\"452\" \/><\/p>\n<p>Carlos Alberto Silva esteve, no passado dia 23 de Novembro, na biblioteca da Escola B\u00e1sica Integrada de Colmeias, a promover o seu novo livro \u00ab\u00d3 Sim\u00e3o, seu trapalh\u00e3o, j\u00e1 armaste confus\u00e3o\u00bb. O autor leu algumas hist\u00f3rias suas e de outros autores e falou da sua actividade como professor bibliotec\u00e1rio e escritor.<\/p>\n<p><img loading=\"lazy\" decoding=\"async\" class=\"\" src=\"http:\/\/amoranegra.wordpress.com\/wp-content\/uploads\/2011\/12\/ebi_colmeias002.jpg\" width=\"616\" height=\"452\" border=\"0\" \/><\/p>\n<p>Falou ainda das t\u00e9cnicas de ilustra\u00e7\u00e3o usadas nos seus livros. Depois de responder a algumas perguntas dos alunos, houve ainda tempo para uma sess\u00e3o de aut\u00f3grafos.<br \/>\nA receptividade de mi\u00fados e gra\u00fados foi excelente, em particular da parte da equipe da BE, a quem o escritor agradece a hospitalidade.<\/p>\n","protected":false},"excerpt":{"rendered":"<p>Carlos Alberto Silva esteve, no passado dia 23 de Novembro, na biblioteca da Escola B\u00e1sica Integrada de Colmeias, a promover o seu novo livro \u00ab\u00d3 Sim\u00e3o, seu trapalh\u00e3o, j\u00e1 armaste confus\u00e3o\u00bb. O autor leu algumas hist\u00f3rias suas e de outros &hellip; <a href=\"https:\/\/amoranegra.pt\/?p=960\">Continuar a ler <span class=\"meta-nav\">&rarr;<\/span><\/a><\/p>\n","protected":false},"author":2,"featured_media":0,"comment_status":"closed","ping_status":"closed","sticky":false,"template":"","format":"standard","meta":{"_jetpack_memberships_contains_paid_content":false,"footnotes":""},"categories":[5],"tags":[],"class_list":["post-960","post","type-post","status-publish","format-standard","hentry","category-noticias"],"jetpack_featured_media_url":"","jetpack_sharing_enabled":true,"_links":{"self":[{"href":"https:\/\/amoranegra.pt\/index.php?rest_route=\/wp\/v2\/posts\/960","targetHints":{"allow":["GET"]}}],"collection":[{"href":"https:\/\/amoranegra.pt\/index.php?rest_route=\/wp\/v2\/posts"}],"about":[{"href":"https:\/\/amoranegra.pt\/index.php?rest_route=\/wp\/v2\/types\/post"}],"author":[{"embeddable":true,"href":"https:\/\/amoranegra.pt\/index.php?rest_route=\/wp\/v2\/users\/2"}],"replies":[{"embeddable":true,"href":"https:\/\/amoranegra.pt\/index.php?rest_route=%2Fwp%2Fv2%2Fcomments&post=960"}],"version-history":[{"count":0,"href":"https:\/\/amoranegra.pt\/index.php?rest_route=\/wp\/v2\/posts\/960\/revisions"}],"wp:attachment":[{"href":"https:\/\/amoranegra.pt\/index.php?rest_route=%2Fwp%2Fv2%2Fmedia&parent=960"}],"wp:term":[{"taxonomy":"category","embeddable":true,"href":"https:\/\/amoranegra.pt\/index.php?rest_route=%2Fwp%2Fv2%2Fcategories&post=960"},{"taxonomy":"post_tag","embeddable":true,"href":"https:\/\/amoranegra.pt\/index.php?rest_route=%2Fwp%2Fv2%2Ftags&post=960"}],"curies":[{"name":"wp","href":"https:\/\/api.w.org\/{rel}","templated":true}]}}