{"id":959,"date":"2012-01-21T19:22:00","date_gmt":"2012-01-21T19:22:00","guid":{"rendered":"http:\/\/amoranegra.pt\/wp\/2012\/01\/21\/tio-lobo\/"},"modified":"2012-01-21T19:22:00","modified_gmt":"2012-01-21T19:22:00","slug":"tio-lobo","status":"publish","type":"post","link":"https:\/\/amoranegra.pt\/?p=959","title":{"rendered":"Tio Lobo e outras hist\u00f3rias na BE de Atouguia, Our\u00e9m"},"content":{"rendered":"<p><img loading=\"lazy\" decoding=\"async\" class=\"alignnone size-medium wp-image-1030\" src=\"https:\/\/amoranegra.pt\/wp-content\/uploads\/2017\/06\/tio-lobo.jpg?w=286\" alt=\"\" width=\"286\" height=\"300\" srcset=\"https:\/\/amoranegra.pt\/wp-content\/uploads\/2017\/06\/tio-lobo.jpg 521w, https:\/\/amoranegra.pt\/wp-content\/uploads\/2017\/06\/tio-lobo-286x300.jpg 286w\" sizes=\"auto, (max-width: 286px) 100vw, 286px\" \/><\/p>\n<p>O escritor Carlos Alberto Silva esteve, no dia 18 de Janeiro de 2012, \u00e0 tarde, na BE da Atouguia, Our\u00e9m, onde apresentou os seus livros aos alunos do pr\u00e9-escolar e do 1\u00ba CEB e recontou algumas hist\u00f3rias de outros autores, como o \u00abTio Lobo\u00bb, de Xos\u00e9 Ballesteros.<\/p>\n","protected":false},"excerpt":{"rendered":"<p>O escritor Carlos Alberto Silva esteve, no dia 18 de Janeiro de 2012, \u00e0 tarde, na BE da Atouguia, Our\u00e9m, onde apresentou os seus livros aos alunos do pr\u00e9-escolar e do 1\u00ba CEB e recontou algumas hist\u00f3rias de outros autores, &hellip; <a href=\"https:\/\/amoranegra.pt\/?p=959\">Continuar a ler <span class=\"meta-nav\">&rarr;<\/span><\/a><\/p>\n","protected":false},"author":2,"featured_media":0,"comment_status":"closed","ping_status":"closed","sticky":false,"template":"","format":"standard","meta":{"_jetpack_memberships_contains_paid_content":false,"footnotes":""},"categories":[5],"tags":[],"class_list":["post-959","post","type-post","status-publish","format-standard","hentry","category-noticias"],"jetpack_featured_media_url":"","jetpack_sharing_enabled":true,"_links":{"self":[{"href":"https:\/\/amoranegra.pt\/index.php?rest_route=\/wp\/v2\/posts\/959","targetHints":{"allow":["GET"]}}],"collection":[{"href":"https:\/\/amoranegra.pt\/index.php?rest_route=\/wp\/v2\/posts"}],"about":[{"href":"https:\/\/amoranegra.pt\/index.php?rest_route=\/wp\/v2\/types\/post"}],"author":[{"embeddable":true,"href":"https:\/\/amoranegra.pt\/index.php?rest_route=\/wp\/v2\/users\/2"}],"replies":[{"embeddable":true,"href":"https:\/\/amoranegra.pt\/index.php?rest_route=%2Fwp%2Fv2%2Fcomments&post=959"}],"version-history":[{"count":0,"href":"https:\/\/amoranegra.pt\/index.php?rest_route=\/wp\/v2\/posts\/959\/revisions"}],"wp:attachment":[{"href":"https:\/\/amoranegra.pt\/index.php?rest_route=%2Fwp%2Fv2%2Fmedia&parent=959"}],"wp:term":[{"taxonomy":"category","embeddable":true,"href":"https:\/\/amoranegra.pt\/index.php?rest_route=%2Fwp%2Fv2%2Fcategories&post=959"},{"taxonomy":"post_tag","embeddable":true,"href":"https:\/\/amoranegra.pt\/index.php?rest_route=%2Fwp%2Fv2%2Ftags&post=959"}],"curies":[{"name":"wp","href":"https:\/\/api.w.org\/{rel}","templated":true}]}}