{"id":958,"date":"2012-02-26T15:40:00","date_gmt":"2012-02-26T15:40:00","guid":{"rendered":"http:\/\/amoranegra.pt\/wp\/2012\/02\/26\/carlos-alberto-silva-na-biblioteca\/"},"modified":"2012-02-26T15:40:00","modified_gmt":"2012-02-26T15:40:00","slug":"carlos-alberto-silva-na-biblioteca","status":"publish","type":"post","link":"https:\/\/amoranegra.pt\/?p=958","title":{"rendered":"Carlos Alberto Silva na Biblioteca Municipal de Porto de M\u00f3s"},"content":{"rendered":"<div class=\"separator\" style=\"clear:both;text-align:center;\"><a href=\"https:\/\/amoranegra.pt\/wp-content\/uploads\/2017\/06\/d0af0-cartazsabadosacontar3mar2012a.jpg\"><img loading=\"lazy\" decoding=\"async\" class=\"alignleft\" src=\"http:\/\/amoranegra.wordpress.com\/wp-content\/uploads\/2012\/02\/cartaz-sabados-a-contar-3mar2012a.jpg\" alt=\"\" width=\"434\" height=\"622\" border=\"0\" \/><\/a><\/div>\n<div class=\"separator\" style=\"clear:both;text-align:left;\">Carlos Alberto Silva \u00e9 o escritor convidado para dinamizar a hora do conto para pais e filhos, \u00abS\u00e1bados a Contar\u00bb, da Biblioteca Municipal de Porto de M\u00f3s, no pr\u00f3ximo dia 3 de Mar\u00e7o, pelas 16h00. \u00ab\u00d3 Sim\u00e3o seu trapalh\u00e3o&#8230;\u00bb e \u00abO urso que perdera o cora\u00e7\u00e3o\u00bb, deste autor, s\u00e3o algumas das hist\u00f3rias a ser apresentadas. O evento decorrer\u00e1 no espa\u00e7o \u00abA gruta da palavra\u00bb, nesta biblioteca.<\/div>\n","protected":false},"excerpt":{"rendered":"<p>Carlos Alberto Silva \u00e9 o escritor convidado para dinamizar a hora do conto para pais e filhos, \u00abS\u00e1bados a Contar\u00bb, da Biblioteca Municipal de Porto de M\u00f3s, no pr\u00f3ximo dia 3 de Mar\u00e7o, pelas 16h00. \u00ab\u00d3 Sim\u00e3o seu trapalh\u00e3o&#8230;\u00bb e &hellip; <a href=\"https:\/\/amoranegra.pt\/?p=958\">Continuar a ler <span class=\"meta-nav\">&rarr;<\/span><\/a><\/p>\n","protected":false},"author":2,"featured_media":0,"comment_status":"closed","ping_status":"closed","sticky":false,"template":"","format":"standard","meta":{"_jetpack_memberships_contains_paid_content":false,"footnotes":""},"categories":[5],"tags":[],"class_list":["post-958","post","type-post","status-publish","format-standard","hentry","category-noticias"],"jetpack_featured_media_url":"","jetpack_sharing_enabled":true,"_links":{"self":[{"href":"https:\/\/amoranegra.pt\/index.php?rest_route=\/wp\/v2\/posts\/958","targetHints":{"allow":["GET"]}}],"collection":[{"href":"https:\/\/amoranegra.pt\/index.php?rest_route=\/wp\/v2\/posts"}],"about":[{"href":"https:\/\/amoranegra.pt\/index.php?rest_route=\/wp\/v2\/types\/post"}],"author":[{"embeddable":true,"href":"https:\/\/amoranegra.pt\/index.php?rest_route=\/wp\/v2\/users\/2"}],"replies":[{"embeddable":true,"href":"https:\/\/amoranegra.pt\/index.php?rest_route=%2Fwp%2Fv2%2Fcomments&post=958"}],"version-history":[{"count":0,"href":"https:\/\/amoranegra.pt\/index.php?rest_route=\/wp\/v2\/posts\/958\/revisions"}],"wp:attachment":[{"href":"https:\/\/amoranegra.pt\/index.php?rest_route=%2Fwp%2Fv2%2Fmedia&parent=958"}],"wp:term":[{"taxonomy":"category","embeddable":true,"href":"https:\/\/amoranegra.pt\/index.php?rest_route=%2Fwp%2Fv2%2Fcategories&post=958"},{"taxonomy":"post_tag","embeddable":true,"href":"https:\/\/amoranegra.pt\/index.php?rest_route=%2Fwp%2Fv2%2Ftags&post=958"}],"curies":[{"name":"wp","href":"https:\/\/api.w.org\/{rel}","templated":true}]}}