{"id":957,"date":"2012-03-03T19:47:00","date_gmt":"2012-03-03T19:47:00","guid":{"rendered":"http:\/\/amoranegra.pt\/wp\/2012\/03\/03\/contos-para-pais-e-filhos-na-gruta-da\/"},"modified":"2012-03-03T19:47:00","modified_gmt":"2012-03-03T19:47:00","slug":"contos-para-pais-e-filhos-na-gruta-da","status":"publish","type":"post","link":"https:\/\/amoranegra.pt\/?p=957","title":{"rendered":"Contos para pais e filhos na \u00abGruta da Palavra\u00bb da BMPM"},"content":{"rendered":"<div class=\"separator\" style=\"clear:both;text-align:center;\"><a href=\"http:\/\/amoranegra.wordpress.com\/wp-content\/uploads\/2012\/03\/bmpm_03mar12_002.jpg\"><img loading=\"lazy\" decoding=\"async\" class=\"alignleft\" src=\"http:\/\/amoranegra.wordpress.com\/wp-content\/uploads\/2012\/03\/bmpm_03mar12_002.jpg\" alt=\"\" width=\"626\" height=\"417\" border=\"0\" \/><\/a><\/div>\n<div class=\"separator\" style=\"clear:both;text-align:center;\"><\/div>\n<p>Carlos Alberto Silva foi o escritor convidado para dinamizar o espa\u00e7o \u00abGruta da Palavra\u00bb da Biblioteca Municipal de Porto de M\u00f3s, no s\u00e1bado, 3 de Mar\u00e7o de 2012. Marcada para as 16h00, a sess\u00e3o foi replicada uma hora depois, para um segundo grupo de pais e filhos daquela localidade.<br \/>\nO autor leu e recontou v\u00e1rias hist\u00f3rias a cada um dos grupos, entre as quais o seu \u00ab\u00d3 Sim\u00e3o, seu trapalh\u00e3o, j\u00e1 armaste confus\u00e3o\u00bb. No final de cada sess\u00e3o, houve lugar a aut\u00f3grafos.<\/p>\n","protected":false},"excerpt":{"rendered":"<p>Carlos Alberto Silva foi o escritor convidado para dinamizar o espa\u00e7o \u00abGruta da Palavra\u00bb da Biblioteca Municipal de Porto de M\u00f3s, no s\u00e1bado, 3 de Mar\u00e7o de 2012. Marcada para as 16h00, a sess\u00e3o foi replicada uma hora depois, para &hellip; <a href=\"https:\/\/amoranegra.pt\/?p=957\">Continuar a ler <span class=\"meta-nav\">&rarr;<\/span><\/a><\/p>\n","protected":false},"author":2,"featured_media":0,"comment_status":"closed","ping_status":"closed","sticky":false,"template":"","format":"standard","meta":{"_jetpack_memberships_contains_paid_content":false,"footnotes":""},"categories":[5],"tags":[],"class_list":["post-957","post","type-post","status-publish","format-standard","hentry","category-noticias"],"jetpack_featured_media_url":"","jetpack_sharing_enabled":true,"_links":{"self":[{"href":"https:\/\/amoranegra.pt\/index.php?rest_route=\/wp\/v2\/posts\/957","targetHints":{"allow":["GET"]}}],"collection":[{"href":"https:\/\/amoranegra.pt\/index.php?rest_route=\/wp\/v2\/posts"}],"about":[{"href":"https:\/\/amoranegra.pt\/index.php?rest_route=\/wp\/v2\/types\/post"}],"author":[{"embeddable":true,"href":"https:\/\/amoranegra.pt\/index.php?rest_route=\/wp\/v2\/users\/2"}],"replies":[{"embeddable":true,"href":"https:\/\/amoranegra.pt\/index.php?rest_route=%2Fwp%2Fv2%2Fcomments&post=957"}],"version-history":[{"count":0,"href":"https:\/\/amoranegra.pt\/index.php?rest_route=\/wp\/v2\/posts\/957\/revisions"}],"wp:attachment":[{"href":"https:\/\/amoranegra.pt\/index.php?rest_route=%2Fwp%2Fv2%2Fmedia&parent=957"}],"wp:term":[{"taxonomy":"category","embeddable":true,"href":"https:\/\/amoranegra.pt\/index.php?rest_route=%2Fwp%2Fv2%2Fcategories&post=957"},{"taxonomy":"post_tag","embeddable":true,"href":"https:\/\/amoranegra.pt\/index.php?rest_route=%2Fwp%2Fv2%2Ftags&post=957"}],"curies":[{"name":"wp","href":"https:\/\/api.w.org\/{rel}","templated":true}]}}