{"id":68,"date":"2014-08-16T16:44:55","date_gmt":"2014-08-16T16:44:55","guid":{"rendered":"http:\/\/localhost\/wordpress\/2014\/08\/16\/book-trailer-do-livro-o-simao-seu-trapalhao-ja-armaste-confusao\/"},"modified":"2024-08-28T14:00:35","modified_gmt":"2024-08-28T14:00:35","slug":"book-trailer-do-livro-o-simao-seu-trapalhao-ja-armaste-confusao","status":"publish","type":"post","link":"https:\/\/amoranegra.pt\/?p=68","title":{"rendered":"Book trailer de \u00ab\u00d3 Sim\u00e3o, seu trapalh\u00e3o, j\u00e1 armaste confus\u00e3o!\u00bb"},"content":{"rendered":"\n<figure class=\"wp-block-embed is-type-video is-provider-youtube wp-block-embed-youtube wp-embed-aspect-4-3 wp-has-aspect-ratio\"><div class=\"wp-block-embed__wrapper\">\n<iframe loading=\"lazy\" title=\"\u00d3 Sim\u00e3o, seu trapalh\u00e3o, j\u00e1 armaste confus\u00e3o!\" width=\"584\" height=\"438\" src=\"https:\/\/www.youtube.com\/embed\/ksRebZwKj6Y?feature=oembed\" frameborder=\"0\" allow=\"accelerometer; autoplay; clipboard-write; encrypted-media; gyroscope; picture-in-picture; web-share\" referrerpolicy=\"strict-origin-when-cross-origin\" allowfullscreen><\/iframe>\n<\/div><\/figure>\n\n\n\n<p>Book trailer do livro \u00ab\u00d3 Sim\u00e3o, seu trapalh\u00e3o, j\u00e1 armaste confus\u00e3o!\u00bb, com texto de Carlos Alberto Silva e ilustra\u00e7\u00f5es de Beatriz Silva<\/p>\n","protected":false},"excerpt":{"rendered":"<p>Book trailer do livro \u00ab\u00d3 Sim\u00e3o, seu trapalh\u00e3o, j\u00e1 armaste confus\u00e3o!\u00bb, com texto de Carlos Alberto Silva e ilustra\u00e7\u00f5es de Beatriz Silva<\/p>\n","protected":false},"author":2,"featured_media":0,"comment_status":"closed","ping_status":"closed","sticky":false,"template":"","format":"standard","meta":{"_jetpack_memberships_contains_paid_content":false,"footnotes":""},"categories":[16],"tags":[],"class_list":["post-68","post","type-post","status-publish","format-standard","hentry","category-fotos-e-videos"],"jetpack_featured_media_url":"","jetpack_sharing_enabled":true,"_links":{"self":[{"href":"https:\/\/amoranegra.pt\/index.php?rest_route=\/wp\/v2\/posts\/68","targetHints":{"allow":["GET"]}}],"collection":[{"href":"https:\/\/amoranegra.pt\/index.php?rest_route=\/wp\/v2\/posts"}],"about":[{"href":"https:\/\/amoranegra.pt\/index.php?rest_route=\/wp\/v2\/types\/post"}],"author":[{"embeddable":true,"href":"https:\/\/amoranegra.pt\/index.php?rest_route=\/wp\/v2\/users\/2"}],"replies":[{"embeddable":true,"href":"https:\/\/amoranegra.pt\/index.php?rest_route=%2Fwp%2Fv2%2Fcomments&post=68"}],"version-history":[{"count":2,"href":"https:\/\/amoranegra.pt\/index.php?rest_route=\/wp\/v2\/posts\/68\/revisions"}],"predecessor-version":[{"id":4761,"href":"https:\/\/amoranegra.pt\/index.php?rest_route=\/wp\/v2\/posts\/68\/revisions\/4761"}],"wp:attachment":[{"href":"https:\/\/amoranegra.pt\/index.php?rest_route=%2Fwp%2Fv2%2Fmedia&parent=68"}],"wp:term":[{"taxonomy":"category","embeddable":true,"href":"https:\/\/amoranegra.pt\/index.php?rest_route=%2Fwp%2Fv2%2Fcategories&post=68"},{"taxonomy":"post_tag","embeddable":true,"href":"https:\/\/amoranegra.pt\/index.php?rest_route=%2Fwp%2Fv2%2Ftags&post=68"}],"curies":[{"name":"wp","href":"https:\/\/api.w.org\/{rel}","templated":true}]}}