{"id":62,"date":"2014-07-14T00:02:00","date_gmt":"2014-07-14T00:02:00","guid":{"rendered":"http:\/\/localhost\/wordpress\/2014\/07\/14\/mao-cheia-de-historias-na-fnac-leiria\/"},"modified":"2014-07-14T00:02:00","modified_gmt":"2014-07-14T00:02:00","slug":"mao-cheia-de-historias-na-fnac-leiria","status":"publish","type":"post","link":"https:\/\/amoranegra.pt\/?p=62","title":{"rendered":"Mais uma \u00abM\u00e3o-cheia de Hist\u00f3rias\u00bb na FNAC de Leiria"},"content":{"rendered":"<p><img loading=\"lazy\" decoding=\"async\" class=\"alignnone  wp-image-1145\" src=\"https:\/\/amoranegra.pt\/wp-content\/uploads\/2017\/07\/fnac_lra19julho2014_02.jpg?w=300\" alt=\"\" width=\"400\" height=\"300\" srcset=\"https:\/\/amoranegra.pt\/wp-content\/uploads\/2017\/07\/fnac_lra19julho2014_02.jpg 750w, https:\/\/amoranegra.pt\/wp-content\/uploads\/2017\/07\/fnac_lra19julho2014_02-300x225.jpg 300w\" sizes=\"auto, (max-width: 400px) 100vw, 400px\" \/><\/p>\n<p><span class=\"fbPhotosPhotoCaption\"><span class=\"hasCaption\">Carlos Alberto Silva apresenta no pr\u00f3ximo s\u00e1bado, dia 19 de Julho, pelas 11h00, <span id=\"fbPhotoSnowliftCaption\" class=\"fbPhotosPhotoCaption\"><span class=\"hasCaption\">na FNAC do Leiriashoping, <\/span><\/span>uma sequ\u00eancia de hist\u00f3rias suas e de outros autores, utilizando diversas t\u00e9cnicas de narra\u00e7\u00e3o oral, entre as quais se destacam o \u00abkamishibai\u00bb e o teatro de papel.<\/span><\/span><\/p>\n<p>\u00abUrso Castanho, urso castanho\u00bb, de Eric Carle, \u00abPorque h\u00e1 tantas pedras no fundo dos rios\u00bb, conto tradicional africano, \u00abO grufal\u00e3o\u00bb, de Julia Donaldson e \u00ab\u00d3 Sim\u00e3o, seu trapalh\u00e3o, j\u00e1 armaste confus\u00e3o\u00bb, de Carlos Alberto Silva,<span id=\"fbPhotoSnowliftCaption\" class=\"fbPhotosPhotoCaption\"><span class=\"hasCaption\">\u00a0s\u00e3o alguns dos contos que v\u00e3o encantar todas as crian\u00e7as que vierem participar.<\/span><\/span><\/p>\n<p><span class=\"fbPhotosPhotoCaption\"><span class=\"hasCaption\">Esta \u00e9 a segunda interven\u00e7\u00e3o do autor neste espa\u00e7o, que se tornar\u00e1 regular a partir de Setembro.<\/span><\/span><\/p>\n","protected":false},"excerpt":{"rendered":"<p>Carlos Alberto Silva apresenta no pr\u00f3ximo s\u00e1bado, dia 19 de Julho, pelas 11h00, na FNAC do Leiriashoping, uma sequ\u00eancia de hist\u00f3rias suas e de outros autores, utilizando diversas t\u00e9cnicas de narra\u00e7\u00e3o oral, entre as quais se destacam o \u00abkamishibai\u00bb e &hellip; <a href=\"https:\/\/amoranegra.pt\/?p=62\">Continuar a ler <span class=\"meta-nav\">&rarr;<\/span><\/a><\/p>\n","protected":false},"author":2,"featured_media":0,"comment_status":"open","ping_status":"open","sticky":false,"template":"","format":"standard","meta":{"_jetpack_memberships_contains_paid_content":false,"footnotes":""},"categories":[5],"tags":[],"class_list":["post-62","post","type-post","status-publish","format-standard","hentry","category-noticias"],"jetpack_featured_media_url":"","jetpack_sharing_enabled":true,"_links":{"self":[{"href":"https:\/\/amoranegra.pt\/index.php?rest_route=\/wp\/v2\/posts\/62","targetHints":{"allow":["GET"]}}],"collection":[{"href":"https:\/\/amoranegra.pt\/index.php?rest_route=\/wp\/v2\/posts"}],"about":[{"href":"https:\/\/amoranegra.pt\/index.php?rest_route=\/wp\/v2\/types\/post"}],"author":[{"embeddable":true,"href":"https:\/\/amoranegra.pt\/index.php?rest_route=\/wp\/v2\/users\/2"}],"replies":[{"embeddable":true,"href":"https:\/\/amoranegra.pt\/index.php?rest_route=%2Fwp%2Fv2%2Fcomments&post=62"}],"version-history":[{"count":0,"href":"https:\/\/amoranegra.pt\/index.php?rest_route=\/wp\/v2\/posts\/62\/revisions"}],"wp:attachment":[{"href":"https:\/\/amoranegra.pt\/index.php?rest_route=%2Fwp%2Fv2%2Fmedia&parent=62"}],"wp:term":[{"taxonomy":"category","embeddable":true,"href":"https:\/\/amoranegra.pt\/index.php?rest_route=%2Fwp%2Fv2%2Fcategories&post=62"},{"taxonomy":"post_tag","embeddable":true,"href":"https:\/\/amoranegra.pt\/index.php?rest_route=%2Fwp%2Fv2%2Ftags&post=62"}],"curies":[{"name":"wp","href":"https:\/\/api.w.org\/{rel}","templated":true}]}}