{"id":558,"date":"2015-02-10T21:11:26","date_gmt":"2015-02-10T21:11:26","guid":{"rendered":"http:\/\/localhost\/wordpress\/2015\/02\/10\/fevereiro-marco-2015\/"},"modified":"2015-02-10T21:11:26","modified_gmt":"2015-02-10T21:11:26","slug":"fevereiro-marco-2015","status":"publish","type":"post","link":"https:\/\/amoranegra.pt\/?p=558","title":{"rendered":"Fevereiro \/ Mar\u00e7o 2015"},"content":{"rendered":"<p><img loading=\"lazy\" decoding=\"async\" class=\"alignnone wp-image-1141\" src=\"https:\/\/amoranegra.pt\/wp-content\/uploads\/2017\/07\/ce_batalha1.jpg?w=300\" alt=\"\" width=\"400\" height=\"300\" srcset=\"https:\/\/amoranegra.pt\/wp-content\/uploads\/2017\/07\/ce_batalha1.jpg 600w, https:\/\/amoranegra.pt\/wp-content\/uploads\/2017\/07\/ce_batalha1-300x225.jpg 300w\" sizes=\"auto, (max-width: 400px) 100vw, 400px\" \/><\/p>\n<p>Nos meses de Fevereiro e Mar\u00e7o, o escritor e contador de hist\u00f3rias Carlos Alberto Silva deslocar-se-\u00e1 a v\u00e1rios pontos do pa\u00eds, para apresentar os seus livros, contar hist\u00f3rias e ministrar forma\u00e7\u00e3o. Eis alguns do eventos confirmados:<\/p>\n<p>11 de Fevereiro (18h30) &#8211; Sess\u00e3o para pais e filhos sobre a leitura em fam\u00edlia, na EB1 da Fonte do Oleiro, Porto de M\u00f3s.<\/p>\n<p>20 de Fevereiro (21h00) &#8211; Sess\u00e3o para pais e filhos sobre a leitura em fam\u00edlia, na EB1 do Arrimal, Porto de M\u00f3s.<\/p>\n<p>21 de Fevereiro (11h00) &#8211; \u00abM\u00e3o cheia de hist\u00f3rias\u00bb, na loja Fnac do Leiriashoping.<\/p>\n<p><!--more--><\/p>\n<p>23 a 27 Fevereiro &#8211; Encontros com o escritor em diversas escolas do concelho de Leiria.<\/p>\n<p>27 de Fevereiro (21h00) &#8211; Sess\u00e3o para pais e filhos sobre a leitura em fam\u00edlia, na EB1+JI de S. Bento, Porto de M\u00f3s.<\/p>\n<p>28 de Fevereiro (15h30) &#8211; \u00abM\u00e3o cheia de hist\u00f3rias\u00bb, na Biblioteca Municipal de Pombal.<\/p>\n<p>2 e 3 de Mar\u00e7o &#8211; Oficinas de \u00abArte de Dizer\u00bb, para alunos da Escola Secund\u00e1ria de S. Pedro do Sul.<\/p>\n<p>5 de Mar\u00e7o (21h00) &#8211; Sess\u00e3o para pais e filhos sobre a leitura em fam\u00edlia, no Centro Escolar de Pedreiras, Porto de M\u00f3s.<\/p>\n<p>10 de Mar\u00e7o &#8211; Encontro com o escritor no Agrupamento de Escolas de Trancoso.<\/p>\n<p>11 a 13 de Mar\u00e7o &#8211; Encontros com o escritor em v\u00e1rios centros escolares dos Agrupamentos da Guarda.<\/p>\n<p>14 de Mar\u00e7o &#8211; Dinamiza\u00e7\u00e3o da ac\u00e7\u00e3o de forma\u00e7\u00e3o para docentes \u00abT\u00e9cnicas de narra\u00e7\u00e3o oral e anima\u00e7\u00e3o da leitura\u00bb, na Biblioteca Municipal Eduardo Louren\u00e7o (Guarda).<\/p>\n<p>16 de Mar\u00e7o &#8211;\u00a0Encontro com o escritor no Agrupamento de Escolas de Gouveia.<\/p>\n<p>17 de Mar\u00e7o &#8211; Encontro com o escritor no Agrupamento de Escolas Rainha Santa Isabel (Carreira, Leiria).<\/p>\n<p>19 e 20 de Mar\u00e7o &#8211; Encontros com o escritor em v\u00e1rios centros escolares do Agrupamento de Soure.<\/p>\n<p>21 de Mar\u00e7o &#8211; \u00abM\u00e3o cheia de hist\u00f3rias\u00bb, na loja Fnac do Leiriashoping.<\/p>\n","protected":false},"excerpt":{"rendered":"<p>Nos meses de Fevereiro e Mar\u00e7o, o escritor e contador de hist\u00f3rias Carlos Alberto Silva deslocar-se-\u00e1 a v\u00e1rios pontos do pa\u00eds, para apresentar os seus livros, contar hist\u00f3rias e ministrar forma\u00e7\u00e3o. Eis alguns do eventos confirmados: 11 de Fevereiro (18h30) &hellip; <a href=\"https:\/\/amoranegra.pt\/?p=558\">Continuar a ler <span class=\"meta-nav\">&rarr;<\/span><\/a><\/p>\n","protected":false},"author":2,"featured_media":0,"comment_status":"closed","ping_status":"closed","sticky":false,"template":"","format":"standard","meta":{"_jetpack_memberships_contains_paid_content":false,"footnotes":""},"categories":[5],"tags":[],"class_list":["post-558","post","type-post","status-publish","format-standard","hentry","category-noticias"],"jetpack_featured_media_url":"","jetpack_sharing_enabled":true,"_links":{"self":[{"href":"https:\/\/amoranegra.pt\/index.php?rest_route=\/wp\/v2\/posts\/558","targetHints":{"allow":["GET"]}}],"collection":[{"href":"https:\/\/amoranegra.pt\/index.php?rest_route=\/wp\/v2\/posts"}],"about":[{"href":"https:\/\/amoranegra.pt\/index.php?rest_route=\/wp\/v2\/types\/post"}],"author":[{"embeddable":true,"href":"https:\/\/amoranegra.pt\/index.php?rest_route=\/wp\/v2\/users\/2"}],"replies":[{"embeddable":true,"href":"https:\/\/amoranegra.pt\/index.php?rest_route=%2Fwp%2Fv2%2Fcomments&post=558"}],"version-history":[{"count":0,"href":"https:\/\/amoranegra.pt\/index.php?rest_route=\/wp\/v2\/posts\/558\/revisions"}],"wp:attachment":[{"href":"https:\/\/amoranegra.pt\/index.php?rest_route=%2Fwp%2Fv2%2Fmedia&parent=558"}],"wp:term":[{"taxonomy":"category","embeddable":true,"href":"https:\/\/amoranegra.pt\/index.php?rest_route=%2Fwp%2Fv2%2Fcategories&post=558"},{"taxonomy":"post_tag","embeddable":true,"href":"https:\/\/amoranegra.pt\/index.php?rest_route=%2Fwp%2Fv2%2Ftags&post=558"}],"curies":[{"name":"wp","href":"https:\/\/api.w.org\/{rel}","templated":true}]}}