{"id":557,"date":"2015-01-09T18:22:18","date_gmt":"2015-01-09T18:22:18","guid":{"rendered":"http:\/\/localhost\/wordpress\/2015\/01\/09\/accao-sobre-tecnicas\/"},"modified":"2015-01-09T18:22:18","modified_gmt":"2015-01-09T18:22:18","slug":"accao-sobre-tecnicas","status":"publish","type":"post","link":"https:\/\/amoranegra.pt\/?p=557","title":{"rendered":"Ac\u00e7\u00e3o sobre \u00abt\u00e9cnicas de narra\u00e7\u00e3o oral\u00bb acreditada pelo CCPFC"},"content":{"rendered":"<p><img loading=\"lazy\" decoding=\"async\" class=\"alignnone wp-image-320 size-large\" src=\"https:\/\/amoranegra.pt\/wp-content\/uploads\/2017\/02\/tec_narra_oral.jpg?w=625\" alt=\"\" width=\"625\" height=\"395\" srcset=\"https:\/\/amoranegra.pt\/wp-content\/uploads\/2017\/02\/tec_narra_oral.jpg 750w, https:\/\/amoranegra.pt\/wp-content\/uploads\/2017\/02\/tec_narra_oral-300x190.jpg 300w\" sizes=\"auto, (max-width: 625px) 100vw, 625px\" \/><\/p>\n<p>Foi recentemente acreditada pelo&nbsp;Conselho Cient\u00edfico-Pedag\u00f3gico da Forma\u00e7\u00e3o Cont\u00ednua, por proposta do&nbsp;Centro de Forma\u00e7\u00e3o \u00abRede de Coopera\u00e7\u00e3o e Aprendizagem\u00bb (Batalha), a oficina de forma\u00e7\u00e3o \u00abT\u00e9cnicas de narra\u00e7\u00e3o oral e anima\u00e7\u00e3o da leitura\u00bb (com o registo n\u00ba CCPFC\/ACC-80858\/15), a ministrar por Carlos Alberto Silva.<\/p>\n<p>O plano da ac\u00e7\u00e3o \u00e9 o seguinte:<\/p>\n<p><strong>Modalidade \/ Dura\u00e7\u00e3o<\/strong><br \/>\nOficina de Forma\u00e7\u00e3o. Sess\u00f5es presenciais: 13 horas (sendo 6 \u00e0 dist\u00e2ncia); trabalho aut\u00f3nomo: 13 horas (1 cr\u00e9dito)<\/p>\n<p><strong>Destinat\u00e1rios<\/strong><br \/>\nProfessores bibliotec\u00e1rios, educadores de inf\u00e2ncia, professores dos ensinos B\u00e1sico e Secund\u00e1rio.<\/p>\n<p><!--more--><\/p>\n<p><strong>Descri\u00e7\u00e3o da ac\u00e7\u00e3o<\/strong><br \/>\nEsta ac\u00e7\u00e3o pretende desenvolver nos formandos as compet\u00eancias necess\u00e1rias para a narra\u00e7\u00e3o e anima\u00e7\u00e3o de hist\u00f3rias, com vista \u00e0 motiva\u00e7\u00e3o dos alunos para a leitura.<br \/>\nPara al\u00e9m dos conhecimentos t\u00e9cnicos relacionados com a expressividade vocal e corporal, os formandos aprender\u00e3o diversas t\u00e9cnicas de narra\u00e7\u00e3o, com e sem o apoio de suporte escrito e utilizando dispositivos de media\u00e7\u00e3o como o kamishibai, o teatro de papel e outros.<br \/>\nPosteriormente, os formandos conceber\u00e3o um projecto de anima\u00e7\u00e3o \/ media\u00e7\u00e3o da leitura e aplic\u00e1-lo-\u00e3o a um grupo de alunos.<br \/>\nAo longo e no final da ac\u00e7\u00e3o, haver\u00e1 partilha de experi\u00eancias.<\/p>\n<p><strong>Objectivos<\/strong><br \/>\nApreender t\u00e9cnicas de disponibiliza\u00e7\u00e3o e aquecimento vocal e f\u00edsico;<br \/>\nDesenvolver a m\u00edmica corporal;<br \/>\nApreender estrat\u00e9gias discursivas e recursos t\u00e9cnico-expressivos;<br \/>\nPlanear e organizar sess\u00f5es de media\u00e7\u00e3o \/ anima\u00e7\u00e3o da leitura;<br \/>\nImplementar e desenvolver actividades de narra\u00e7\u00e3o oral e anima\u00e7\u00e3o da leitura;<br \/>\nReflectir sobre as pr\u00e1ticas, com vista \u00e0 sua melhoria.<\/p>\n<p><strong>Conte\u00fados da ac\u00e7\u00e3o<\/strong><br \/>\n1 \u2013 O corpo e a voz<br \/>\n. Fisiologia da voz<br \/>\n. Relaxamento e disponibiliza\u00e7\u00e3o vocal e corporal<br \/>\n. Articula\u00e7\u00e3o e projec\u00e7\u00e3o vocal<br \/>\n. M\u00edmica corporal<br \/>\n2 \u2013 A organiza\u00e7\u00e3o da sess\u00e3o de anima\u00e7\u00e3o \/ media\u00e7\u00e3o da leitura<br \/>\n. A leitura e as diversas fases et\u00e1rias<br \/>\n. O repert\u00f3rio do contador \/ mediador<br \/>\n. Planear e estruturar uma sess\u00e3o<br \/>\n3 \u2013 T\u00e9cnicas de narra\u00e7\u00e3o oral e anima\u00e7\u00e3o da leitura<br \/>\n. Contar e ler em voz alta<br \/>\n. O kamishibai e as \u00abfichas de contar\u00bb<br \/>\n. Hist\u00f3rias desenhadas<br \/>\n. Os tapetes de contar<br \/>\n. O teatro de papel<br \/>\n. As formas animadas<br \/>\n. Narra\u00e7\u00e3o \u00abem visita\u00bb e \u00abmapas de hist\u00f3rias\u00bb<br \/>\n4 \u2013 Para al\u00e9m da narra\u00e7\u00e3o: actividades explorat\u00f3rias.<\/p>\n","protected":false},"excerpt":{"rendered":"<p>Foi recentemente acreditada pelo&nbsp;Conselho Cient\u00edfico-Pedag\u00f3gico da Forma\u00e7\u00e3o Cont\u00ednua, por proposta do&nbsp;Centro de Forma\u00e7\u00e3o \u00abRede de Coopera\u00e7\u00e3o e Aprendizagem\u00bb (Batalha), a oficina de forma\u00e7\u00e3o \u00abT\u00e9cnicas de narra\u00e7\u00e3o oral e anima\u00e7\u00e3o da leitura\u00bb (com o registo n\u00ba CCPFC\/ACC-80858\/15), a ministrar por Carlos &hellip; <a href=\"https:\/\/amoranegra.pt\/?p=557\">Continuar a ler <span class=\"meta-nav\">&rarr;<\/span><\/a><\/p>\n","protected":false},"author":2,"featured_media":0,"comment_status":"closed","ping_status":"closed","sticky":false,"template":"","format":"standard","meta":{"_jetpack_memberships_contains_paid_content":false,"footnotes":""},"categories":[5],"tags":[],"class_list":["post-557","post","type-post","status-publish","format-standard","hentry","category-noticias"],"jetpack_featured_media_url":"","jetpack_sharing_enabled":true,"_links":{"self":[{"href":"https:\/\/amoranegra.pt\/index.php?rest_route=\/wp\/v2\/posts\/557","targetHints":{"allow":["GET"]}}],"collection":[{"href":"https:\/\/amoranegra.pt\/index.php?rest_route=\/wp\/v2\/posts"}],"about":[{"href":"https:\/\/amoranegra.pt\/index.php?rest_route=\/wp\/v2\/types\/post"}],"author":[{"embeddable":true,"href":"https:\/\/amoranegra.pt\/index.php?rest_route=\/wp\/v2\/users\/2"}],"replies":[{"embeddable":true,"href":"https:\/\/amoranegra.pt\/index.php?rest_route=%2Fwp%2Fv2%2Fcomments&post=557"}],"version-history":[{"count":0,"href":"https:\/\/amoranegra.pt\/index.php?rest_route=\/wp\/v2\/posts\/557\/revisions"}],"wp:attachment":[{"href":"https:\/\/amoranegra.pt\/index.php?rest_route=%2Fwp%2Fv2%2Fmedia&parent=557"}],"wp:term":[{"taxonomy":"category","embeddable":true,"href":"https:\/\/amoranegra.pt\/index.php?rest_route=%2Fwp%2Fv2%2Fcategories&post=557"},{"taxonomy":"post_tag","embeddable":true,"href":"https:\/\/amoranegra.pt\/index.php?rest_route=%2Fwp%2Fv2%2Ftags&post=557"}],"curies":[{"name":"wp","href":"https:\/\/api.w.org\/{rel}","templated":true}]}}