{"id":555,"date":"2014-06-11T15:47:26","date_gmt":"2014-06-11T15:47:26","guid":{"rendered":"http:\/\/localhost\/wordpress\/2014\/06\/11\/livro-das-palmas-apresentado-na-feira-do-livro-de-leiria\/"},"modified":"2014-06-11T15:47:26","modified_gmt":"2014-06-11T15:47:26","slug":"livro-das-palmas-apresentado-na-feira-do-livro-de-leiria","status":"publish","type":"post","link":"https:\/\/amoranegra.pt\/?p=555","title":{"rendered":"\u00abLivro das palmas\u00bb apresentado na Feira do Livro de Leiria"},"content":{"rendered":"<p><img loading=\"lazy\" decoding=\"async\" class=\"alignnone size-large wp-image-1091\" src=\"https:\/\/amoranegra.pt\/wp-content\/uploads\/2017\/07\/feira_livro_lra_cas.jpg?w=625\" alt=\"\" width=\"625\" height=\"416\" srcset=\"https:\/\/amoranegra.pt\/wp-content\/uploads\/2017\/07\/feira_livro_lra_cas.jpg 750w, https:\/\/amoranegra.pt\/wp-content\/uploads\/2017\/07\/feira_livro_lra_cas-300x200.jpg 300w\" sizes=\"auto, (max-width: 625px) 100vw, 625px\" \/><\/p>\n<p>O \u00abLivro das palmas\u00bb, de Carlos Alberto Silva, foi apresentado pelo autor, no passado s\u00e1bado, dia 7 de Junho, na\u00a0Feira do Livro de Leiria, que este ano decorreu nos p\u00e1tios exteriores da Biblioteca Municipal Afonso Lopes Vieira.<\/p>\n<p>Ap\u00f3s a cerim\u00f3nia de abertura e a actua\u00e7\u00e3o do quarteto \u00abWoodbrass\u00bb, do Orfe\u00e3o de Leiria, o escritor explicou como surgiu esta hist\u00f3ria, bem como a t\u00e9cnica utilizada nas ilustra\u00e7\u00f5es. Depois, narrou a hist\u00f3ria utilizando um kamishibai, ap\u00f3s o que se seguiu uma sesss\u00e3o de aut\u00f3grafos na banca da Fnac.<\/p>\n","protected":false},"excerpt":{"rendered":"<p>O \u00abLivro das palmas\u00bb, de Carlos Alberto Silva, foi apresentado pelo autor, no passado s\u00e1bado, dia 7 de Junho, na\u00a0Feira do Livro de Leiria, que este ano decorreu nos p\u00e1tios exteriores da Biblioteca Municipal Afonso Lopes Vieira. Ap\u00f3s a cerim\u00f3nia &hellip; <a href=\"https:\/\/amoranegra.pt\/?p=555\">Continuar a ler <span class=\"meta-nav\">&rarr;<\/span><\/a><\/p>\n","protected":false},"author":2,"featured_media":0,"comment_status":"open","ping_status":"open","sticky":false,"template":"","format":"standard","meta":{"_jetpack_memberships_contains_paid_content":false,"footnotes":""},"categories":[5],"tags":[],"class_list":["post-555","post","type-post","status-publish","format-standard","hentry","category-noticias"],"jetpack_featured_media_url":"","jetpack_sharing_enabled":true,"_links":{"self":[{"href":"https:\/\/amoranegra.pt\/index.php?rest_route=\/wp\/v2\/posts\/555","targetHints":{"allow":["GET"]}}],"collection":[{"href":"https:\/\/amoranegra.pt\/index.php?rest_route=\/wp\/v2\/posts"}],"about":[{"href":"https:\/\/amoranegra.pt\/index.php?rest_route=\/wp\/v2\/types\/post"}],"author":[{"embeddable":true,"href":"https:\/\/amoranegra.pt\/index.php?rest_route=\/wp\/v2\/users\/2"}],"replies":[{"embeddable":true,"href":"https:\/\/amoranegra.pt\/index.php?rest_route=%2Fwp%2Fv2%2Fcomments&post=555"}],"version-history":[{"count":0,"href":"https:\/\/amoranegra.pt\/index.php?rest_route=\/wp\/v2\/posts\/555\/revisions"}],"wp:attachment":[{"href":"https:\/\/amoranegra.pt\/index.php?rest_route=%2Fwp%2Fv2%2Fmedia&parent=555"}],"wp:term":[{"taxonomy":"category","embeddable":true,"href":"https:\/\/amoranegra.pt\/index.php?rest_route=%2Fwp%2Fv2%2Fcategories&post=555"},{"taxonomy":"post_tag","embeddable":true,"href":"https:\/\/amoranegra.pt\/index.php?rest_route=%2Fwp%2Fv2%2Ftags&post=555"}],"curies":[{"name":"wp","href":"https:\/\/api.w.org\/{rel}","templated":true}]}}