{"id":54,"date":"2007-04-12T16:06:00","date_gmt":"2007-04-12T16:06:00","guid":{"rendered":"http:\/\/amoranegra.pt\/wp\/2007\/04\/12\/o-que-posso-fazer-para-que-o-meu-filho\/"},"modified":"2007-04-12T16:06:00","modified_gmt":"2007-04-12T16:06:00","slug":"o-que-posso-fazer-para-que-o-meu-filho","status":"publish","type":"post","link":"https:\/\/amoranegra.pt\/?p=54","title":{"rendered":"O que posso fazer para que o meu filho goste de ler?"},"content":{"rendered":"<p>Ac\u00e7\u00e3o de sensibiliza\u00e7\u00e3o \u00e0 promo\u00e7\u00e3o precoce da literacia de leitura<\/p>\n<div class=\"O\"><\/div>\n<p><a href=\"http:\/\/1.bp.blogspot.com\/_0kkfQ7c7xYQ\/SqvMF3CoxSI\/AAAAAAAAAeo\/lrEwtyKso_I\/s1600-h\/menina_lendo.jpg\"><img decoding=\"async\" id=\"BLOGGER_PHOTO_ID_5380618580870612258\" style=\"cursor:pointer;width:250px;height:306px;\" src=\"http:\/\/amoranegra.wordpress.com\/wp-content\/uploads\/2007\/04\/menina_lendo.jpg\" alt=\"\" border=\"0\" \/><\/a><br \/>\nBiblioteca Municipal da Batalha<br \/>\n23 de Abril de 2007, 21h00<\/p>\n<p>Objectivos:<br \/>\nSensibilizar para a problem\u00e1tica do livro e da leitura;<br \/>\nSensibilizar para o desenvolvimento precoce de pr\u00e1ticas promotoras de literacia.<\/p>\n<p>Conte\u00fados:<br \/>\n. A leitura na sociedade global<br \/>\n. Literacia e iliteracia<br \/>\n. Responsabilidades dos diversos intervenientes<br \/>\n. O livro e a leitura nas diversas fases et\u00e1rias<br \/>\n. A leitura na rela\u00e7\u00e3o pais-filhos<br \/>\n. Escolher um livro para crian\u00e7as<\/p>\n<p>Metodologia:<br \/>\nTe\u00f3rico-pr\u00e1tica, com recurso a metodologias activas;<br \/>\n\u00b7 Materiais electr\u00f3nicos de projec\u00e7\u00e3o;<br \/>\n\u00b7 Amostragem de materiais;<br \/>\n\u00b7 Anima\u00e7\u00e3o de hist\u00f3rias.<\/p>\n","protected":false},"excerpt":{"rendered":"<p>Ac\u00e7\u00e3o de sensibiliza\u00e7\u00e3o \u00e0 promo\u00e7\u00e3o precoce da literacia de leitura Biblioteca Municipal da Batalha 23 de Abril de 2007, 21h00 Objectivos: Sensibilizar para a problem\u00e1tica do livro e da leitura; Sensibilizar para o desenvolvimento precoce de pr\u00e1ticas promotoras de literacia. &hellip; <a href=\"https:\/\/amoranegra.pt\/?p=54\">Continuar a ler <span class=\"meta-nav\">&rarr;<\/span><\/a><\/p>\n","protected":false},"author":2,"featured_media":0,"comment_status":"closed","ping_status":"closed","sticky":false,"template":"","format":"standard","meta":{"_jetpack_memberships_contains_paid_content":false,"footnotes":""},"categories":[5],"tags":[],"class_list":["post-54","post","type-post","status-publish","format-standard","hentry","category-noticias"],"jetpack_featured_media_url":"","jetpack_sharing_enabled":true,"_links":{"self":[{"href":"https:\/\/amoranegra.pt\/index.php?rest_route=\/wp\/v2\/posts\/54","targetHints":{"allow":["GET"]}}],"collection":[{"href":"https:\/\/amoranegra.pt\/index.php?rest_route=\/wp\/v2\/posts"}],"about":[{"href":"https:\/\/amoranegra.pt\/index.php?rest_route=\/wp\/v2\/types\/post"}],"author":[{"embeddable":true,"href":"https:\/\/amoranegra.pt\/index.php?rest_route=\/wp\/v2\/users\/2"}],"replies":[{"embeddable":true,"href":"https:\/\/amoranegra.pt\/index.php?rest_route=%2Fwp%2Fv2%2Fcomments&post=54"}],"version-history":[{"count":0,"href":"https:\/\/amoranegra.pt\/index.php?rest_route=\/wp\/v2\/posts\/54\/revisions"}],"wp:attachment":[{"href":"https:\/\/amoranegra.pt\/index.php?rest_route=%2Fwp%2Fv2%2Fmedia&parent=54"}],"wp:term":[{"taxonomy":"category","embeddable":true,"href":"https:\/\/amoranegra.pt\/index.php?rest_route=%2Fwp%2Fv2%2Fcategories&post=54"},{"taxonomy":"post_tag","embeddable":true,"href":"https:\/\/amoranegra.pt\/index.php?rest_route=%2Fwp%2Fv2%2Ftags&post=54"}],"curies":[{"name":"wp","href":"https:\/\/api.w.org\/{rel}","templated":true}]}}