{"id":53,"date":"2008-04-03T14:36:00","date_gmt":"2008-04-03T14:36:00","guid":{"rendered":"http:\/\/amoranegra.pt\/wp\/2008\/04\/03\/pode-se-ensinar-os-bebs-ler\/"},"modified":"2008-04-03T14:36:00","modified_gmt":"2008-04-03T14:36:00","slug":"pode-se-ensinar-os-bebs-ler","status":"publish","type":"post","link":"https:\/\/amoranegra.pt\/?p=53","title":{"rendered":"Pode-se ensinar os beb\u00e9s a ler?"},"content":{"rendered":"<p>Ac\u00e7\u00e3o de Forma\u00e7\u00e3o para Pais e Educadores:<\/p>\n<p><a href=\"http:\/\/bp2.blogger.com\/_0kkfQ7c7xYQ\/R_Z4rAda7jI\/AAAAAAAAAOk\/CFjwbDo3D5Y\/s1600-h\/mae_bebe.gif\"><img decoding=\"async\" id=\"BLOGGER_PHOTO_ID_5185464701216812594\" src=\"http:\/\/bp2.blogger.com\/_0kkfQ7c7xYQ\/R_Z4rAda7jI\/AAAAAAAAAOk\/CFjwbDo3D5Y\/s400\/mae_bebe.gif\" alt=\"\" border=\"0\" \/><\/a><\/p>\n<p>\u00abPode-se ensinar os beb\u00e9s a ler? A leitura dial\u00f3gica como t\u00e9cnica de promo\u00e7\u00e3o precoce da literacia\u00bb<\/p>\n<p>S\u00e1bado, 5 de Abril de 2008, 15h30<br \/>\nBiblioteca Municipal da Batalha<\/p>\n<p>por Carlos Alberto Silva<\/p>\n<p>Objectivos:<br \/>\nSensibilizar para a problem\u00e1tica do livro e da leitura;<br \/>\nSensibilizar para o desenvolvimento precoce de pr\u00e1ticas promotoras de literacia.<\/p>\n<p>Conte\u00fados:<br \/>\n\u00b7 A import\u00e2ncia da fam\u00edlia na promo\u00e7\u00e3o precoce da leitura;<br \/>\n\u00b7 O acto de contar\/ler como paradigma da anima\u00e7\u00e3o\/promo\u00e7\u00e3o da leitura;<br \/>\n\u00b7 Estrat\u00e9gias a desenvolver no quotidiano familiar;<br \/>\n\u00b7 Que livros escolher;<br \/>\n\u00b7 A leitura dial\u00f3gica.<\/p>\n<p>Metodologia:<br \/>\nTe\u00f3rico-pr\u00e1tica, com recurso a metodologias activas;<br \/>\n\u00b7 Materiais electr\u00f3nicos de projec\u00e7\u00e3o;<br \/>\n\u00b7 Amostragem de materiais;<br \/>\n\u00b7 Anima\u00e7\u00e3o de hist\u00f3rias.<\/p>\n","protected":false},"excerpt":{"rendered":"<p>Ac\u00e7\u00e3o de Forma\u00e7\u00e3o para Pais e Educadores: \u00abPode-se ensinar os beb\u00e9s a ler? A leitura dial\u00f3gica como t\u00e9cnica de promo\u00e7\u00e3o precoce da literacia\u00bb S\u00e1bado, 5 de Abril de 2008, 15h30 Biblioteca Municipal da Batalha por Carlos Alberto Silva Objectivos: Sensibilizar &hellip; <a href=\"https:\/\/amoranegra.pt\/?p=53\">Continuar a ler <span class=\"meta-nav\">&rarr;<\/span><\/a><\/p>\n","protected":false},"author":2,"featured_media":0,"comment_status":"closed","ping_status":"closed","sticky":false,"template":"","format":"standard","meta":{"_jetpack_memberships_contains_paid_content":false,"footnotes":""},"categories":[5],"tags":[],"class_list":["post-53","post","type-post","status-publish","format-standard","hentry","category-noticias"],"jetpack_featured_media_url":"","jetpack_sharing_enabled":true,"_links":{"self":[{"href":"https:\/\/amoranegra.pt\/index.php?rest_route=\/wp\/v2\/posts\/53","targetHints":{"allow":["GET"]}}],"collection":[{"href":"https:\/\/amoranegra.pt\/index.php?rest_route=\/wp\/v2\/posts"}],"about":[{"href":"https:\/\/amoranegra.pt\/index.php?rest_route=\/wp\/v2\/types\/post"}],"author":[{"embeddable":true,"href":"https:\/\/amoranegra.pt\/index.php?rest_route=\/wp\/v2\/users\/2"}],"replies":[{"embeddable":true,"href":"https:\/\/amoranegra.pt\/index.php?rest_route=%2Fwp%2Fv2%2Fcomments&post=53"}],"version-history":[{"count":0,"href":"https:\/\/amoranegra.pt\/index.php?rest_route=\/wp\/v2\/posts\/53\/revisions"}],"wp:attachment":[{"href":"https:\/\/amoranegra.pt\/index.php?rest_route=%2Fwp%2Fv2%2Fmedia&parent=53"}],"wp:term":[{"taxonomy":"category","embeddable":true,"href":"https:\/\/amoranegra.pt\/index.php?rest_route=%2Fwp%2Fv2%2Fcategories&post=53"},{"taxonomy":"post_tag","embeddable":true,"href":"https:\/\/amoranegra.pt\/index.php?rest_route=%2Fwp%2Fv2%2Ftags&post=53"}],"curies":[{"name":"wp","href":"https:\/\/api.w.org\/{rel}","templated":true}]}}