{"id":52,"date":"2008-04-12T01:49:00","date_gmt":"2008-04-12T01:49:00","guid":{"rendered":"http:\/\/amoranegra.pt\/wp\/2008\/04\/12\/pode-se-ensinar-os-bebs-ler_24\/"},"modified":"2008-04-12T01:49:00","modified_gmt":"2008-04-12T01:49:00","slug":"pode-se-ensinar-os-bebs-ler_24","status":"publish","type":"post","link":"https:\/\/amoranegra.pt\/?p=52","title":{"rendered":"Anima\u00e7\u00e3o da leitura na Batalha e em Leiria"},"content":{"rendered":"<p><a href=\"http:\/\/bp1.blogger.com\/_0kkfQ7c7xYQ\/SCYCCbF8QeI\/AAAAAAAAAPI\/mIEym5mRSME\/s1600-h\/Batalha002.jpg\"><img loading=\"lazy\" decoding=\"async\" id=\"BLOGGER_PHOTO_ID_5198845060501488098\" class=\"\" src=\"http:\/\/bp1.blogger.com\/_0kkfQ7c7xYQ\/SCYCCbF8QeI\/AAAAAAAAAPI\/mIEym5mRSME\/s400\/Batalha002.jpg\" alt=\"\" width=\"600\" height=\"447\" border=\"0\" \/><\/a><\/p>\n<p>Carlos Alberto Silva desenvolveu durante o m\u00eas de Abril, em que se comemoram o livro e a leitura, algumas actividades relacionadas com o tema, na Biblioteca Municipal da Batalha e na Escola B\u00e1sica 2,3 D. Dinis, em Leiria.<\/p>\n<p>Na primeira, no dia 5, apresentou uma palestra denominada \u00abPode-se ensinar os beb\u00e9s a ler?\u00bb, destinada a pais e educadores, cujos objectivos eram \u00absensibilizar para a problem\u00e1tica do livro e da leitura\u00bb e para \u00abo desenvolvimento precoce de pr\u00e1ticas promotoras de literacia\u00bb.<br \/>\nDepois de abordar quest\u00f5es relacionadas com a crescente necessidade do dom\u00ednio de compet\u00eancias de leitura face \u00e0s exig\u00eancias da sociedade contempor\u00e2nea, exp\u00f4s alguns dados relativos aos n\u00edveis de literacia dos jovens portugueses, no \u00e2mbito do PISA, um estudo internacional promovido pela OCDE. E o panorama, como se sabe, n\u00e3o \u00e9 famoso&#8230;<br \/>\nSeguidamente, real\u00e7ou o papel da fam\u00edlia na promo\u00e7\u00e3o precoce de h\u00e1bitos de leitura, indicando algumas estrat\u00e9gias poss\u00edveis, a partir dos seis meses de idade. Em particular, apresentou uma t\u00e9cnica de co-leitura, em que a an\u00e1lise do livro \u00e9 efectuada em parceria pela crian\u00e7a e pelo adulto, denominada \u00ableitura dial\u00f3gica\u00bb, que se pode aplicar a partir do ano e meio de idade. Foram ainda apresentadas algumas linhas orientadoras para a escolha de livros para crian\u00e7as do 0 aos 3 anos. Estiveram presentes nesta actividade cerca de 40 pessoas.<\/p>\n<p><a href=\"http:\/\/bp1.blogger.com\/_0kkfQ7c7xYQ\/SCYGnbF8QfI\/AAAAAAAAAPQ\/4YRmnDLdmfE\/s1600-h\/DDinis001.jpg\"><img loading=\"lazy\" decoding=\"async\" id=\"BLOGGER_PHOTO_ID_5198850094203159026\" class=\"\" src=\"http:\/\/bp1.blogger.com\/_0kkfQ7c7xYQ\/SCYGnbF8QfI\/AAAAAAAAAPQ\/4YRmnDLdmfE\/s400\/DDinis001.jpg\" alt=\"\" width=\"601\" height=\"451\" border=\"0\" \/><\/a><\/p>\n<p>J\u00e1 na escola b\u00e1sica D. Dinis, no dia 10, os destinat\u00e1rios foram alunos de uma turma do 6\u00ba ano de escolaridade, no \u00e2mbito da Semana da Leitura promovida pela Biblioteca deste estabele-cimento de ensino. Numa conversa com a audi\u00eancia, este professor apresentou um historial sobre o desenvolvimento das t\u00e9cnicas de produ\u00e7\u00e3o do livro (escrita, papel, impress\u00e3o, ilustra\u00e7\u00e3o e encaderna\u00e7\u00e3o), ilustrando com a anima\u00e7\u00e3o de contos infanto-juvenis, utilizando v\u00e1rias t\u00e9cnicas de narra\u00e7\u00e3o. No final, a turma agradeceu com algumas ofertas da sua iniciativa.<\/p>\n","protected":false},"excerpt":{"rendered":"<p>Carlos Alberto Silva desenvolveu durante o m\u00eas de Abril, em que se comemoram o livro e a leitura, algumas actividades relacionadas com o tema, na Biblioteca Municipal da Batalha e na Escola B\u00e1sica 2,3 D. Dinis, em Leiria. Na primeira, &hellip; <a href=\"https:\/\/amoranegra.pt\/?p=52\">Continuar a ler <span class=\"meta-nav\">&rarr;<\/span><\/a><\/p>\n","protected":false},"author":2,"featured_media":0,"comment_status":"closed","ping_status":"closed","sticky":false,"template":"","format":"standard","meta":{"_jetpack_memberships_contains_paid_content":false,"footnotes":""},"categories":[5],"tags":[],"class_list":["post-52","post","type-post","status-publish","format-standard","hentry","category-noticias"],"jetpack_featured_media_url":"","jetpack_sharing_enabled":true,"_links":{"self":[{"href":"https:\/\/amoranegra.pt\/index.php?rest_route=\/wp\/v2\/posts\/52","targetHints":{"allow":["GET"]}}],"collection":[{"href":"https:\/\/amoranegra.pt\/index.php?rest_route=\/wp\/v2\/posts"}],"about":[{"href":"https:\/\/amoranegra.pt\/index.php?rest_route=\/wp\/v2\/types\/post"}],"author":[{"embeddable":true,"href":"https:\/\/amoranegra.pt\/index.php?rest_route=\/wp\/v2\/users\/2"}],"replies":[{"embeddable":true,"href":"https:\/\/amoranegra.pt\/index.php?rest_route=%2Fwp%2Fv2%2Fcomments&post=52"}],"version-history":[{"count":0,"href":"https:\/\/amoranegra.pt\/index.php?rest_route=\/wp\/v2\/posts\/52\/revisions"}],"wp:attachment":[{"href":"https:\/\/amoranegra.pt\/index.php?rest_route=%2Fwp%2Fv2%2Fmedia&parent=52"}],"wp:term":[{"taxonomy":"category","embeddable":true,"href":"https:\/\/amoranegra.pt\/index.php?rest_route=%2Fwp%2Fv2%2Fcategories&post=52"},{"taxonomy":"post_tag","embeddable":true,"href":"https:\/\/amoranegra.pt\/index.php?rest_route=%2Fwp%2Fv2%2Ftags&post=52"}],"curies":[{"name":"wp","href":"https:\/\/api.w.org\/{rel}","templated":true}]}}