{"id":5183,"date":"2026-09-03T12:04:55","date_gmt":"2026-09-03T12:04:55","guid":{"rendered":"https:\/\/amoranegra.pt\/?p=5183"},"modified":"2026-09-03T13:19:08","modified_gmt":"2026-09-03T13:19:08","slug":"a-zebra-do-pai-natal-no-prelo","status":"publish","type":"post","link":"https:\/\/amoranegra.pt\/?p=5183","title":{"rendered":"A zebra do Pai Natal"},"content":{"rendered":"<div class=\"wp-block-image\">\n<figure class=\"alignleft size-full is-resized\"><img loading=\"lazy\" decoding=\"async\" width=\"1772\" height=\"2480\" src=\"https:\/\/amoranegra.pt\/wp-content\/uploads\/2026\/09\/capa3a.png\" alt=\"capa-zebra-natal\" class=\"wp-image-5187\" style=\"width:231px;height:auto\" srcset=\"https:\/\/amoranegra.pt\/wp-content\/uploads\/2026\/09\/capa3a.png 1772w, https:\/\/amoranegra.pt\/wp-content\/uploads\/2026\/09\/capa3a-214x300.png 214w, https:\/\/amoranegra.pt\/wp-content\/uploads\/2026\/09\/capa3a-732x1024.png 732w, https:\/\/amoranegra.pt\/wp-content\/uploads\/2026\/09\/capa3a-768x1075.png 768w, https:\/\/amoranegra.pt\/wp-content\/uploads\/2026\/09\/capa3a-1097x1536.png 1097w, https:\/\/amoranegra.pt\/wp-content\/uploads\/2026\/09\/capa3a-1463x2048.png 1463w\" sizes=\"auto, (max-width: 1772px) 100vw, 1772px\" \/><\/figure>\n<\/div>\n\n\n<p class=\"wp-block-paragraph\"><strong>T\u00edtulo:<\/strong>\u00a0A zebra do Pai Natal (no prelo)<br><strong>Autor:<\/strong>\u00a0Carlos Alberto Silva (texto) e Bruno Ferraz (ilustra\u00e7\u00f5es)<br><strong>Editora:<\/strong>\u00a0Edi\u00e7\u00e3o do autor<br><strong>Data:<\/strong>\u00a02026<br><strong>G\u00e9nero:<\/strong>\u00a0Infanto-juvenil<br><strong>ISBN:<\/strong>\u00a0&#8212;<br><strong>N.\u00ba de p\u00e1ginas:<\/strong>\u00a024<br><strong>Encomendar<\/strong>:\u00a0<a href=\"https:\/\/amoranegra.pt\/?p=4954\" target=\"_blank\" rel=\"noreferrer noopener\">contactar<\/a>\u00a0o autor<br><br><strong><mark style=\"background-color:rgba(0, 0, 0, 0)\" class=\"has-inline-color has-blue-color\">A SAIR EM OUTUBRO DE 2026<\/mark><\/strong><\/p>\n\n\n\n<p class=\"wp-block-paragraph\"><strong>Sinopse<\/strong>:\u00a0Quando o Pai Natal cai acidentalmente na savana africana, conhece Valentina,\u00a0uma pequena zebra&#8230;\u00a0\u00e0s bolinhas. Juntos enfrentam feras, descobrem poderes inesperados e iniciam uma amizade que muda para sempre o Natal. Uma hist\u00f3ria ternurenta sobre aceita\u00e7\u00e3o, coragem e a magia de encontrar o nosso lugar no mundo \u2014 mesmo quando ele fica muito longe de casa.<br><\/p>\n","protected":false},"excerpt":{"rendered":"<p>T\u00edtulo:\u00a0A zebra do Pai Natal (no prelo)Autor:\u00a0Carlos Alberto Silva (texto) e Bruno Ferraz (ilustra\u00e7\u00f5es)Editora:\u00a0Edi\u00e7\u00e3o do autorData:\u00a02026G\u00e9nero:\u00a0Infanto-juvenilISBN:\u00a0&#8212;N.\u00ba de p\u00e1ginas:\u00a024Encomendar:\u00a0contactar\u00a0o autor A SAIR EM OUTUBRO DE 2026 Sinopse:\u00a0Quando o Pai Natal cai acidentalmente na savana africana, conhece Valentina,\u00a0uma pequena zebra&#8230;\u00a0\u00e0s bolinhas. Juntos &hellip; <a href=\"https:\/\/amoranegra.pt\/?p=5183\">Continuar a ler <span class=\"meta-nav\">&rarr;<\/span><\/a><\/p>\n","protected":false},"author":1,"featured_media":0,"comment_status":"closed","ping_status":"open","sticky":false,"template":"","format":"standard","meta":{"_jetpack_memberships_contains_paid_content":false,"footnotes":""},"categories":[3,15],"tags":[],"class_list":["post-5183","post","type-post","status-publish","format-standard","hentry","category-destaque","category-infanto-juvenil"],"jetpack_featured_media_url":"","jetpack_sharing_enabled":true,"_links":{"self":[{"href":"https:\/\/amoranegra.pt\/index.php?rest_route=\/wp\/v2\/posts\/5183","targetHints":{"allow":["GET"]}}],"collection":[{"href":"https:\/\/amoranegra.pt\/index.php?rest_route=\/wp\/v2\/posts"}],"about":[{"href":"https:\/\/amoranegra.pt\/index.php?rest_route=\/wp\/v2\/types\/post"}],"author":[{"embeddable":true,"href":"https:\/\/amoranegra.pt\/index.php?rest_route=\/wp\/v2\/users\/1"}],"replies":[{"embeddable":true,"href":"https:\/\/amoranegra.pt\/index.php?rest_route=%2Fwp%2Fv2%2Fcomments&post=5183"}],"version-history":[{"count":5,"href":"https:\/\/amoranegra.pt\/index.php?rest_route=\/wp\/v2\/posts\/5183\/revisions"}],"predecessor-version":[{"id":5190,"href":"https:\/\/amoranegra.pt\/index.php?rest_route=\/wp\/v2\/posts\/5183\/revisions\/5190"}],"wp:attachment":[{"href":"https:\/\/amoranegra.pt\/index.php?rest_route=%2Fwp%2Fv2%2Fmedia&parent=5183"}],"wp:term":[{"taxonomy":"category","embeddable":true,"href":"https:\/\/amoranegra.pt\/index.php?rest_route=%2Fwp%2Fv2%2Fcategories&post=5183"},{"taxonomy":"post_tag","embeddable":true,"href":"https:\/\/amoranegra.pt\/index.php?rest_route=%2Fwp%2Fv2%2Ftags&post=5183"}],"curies":[{"name":"wp","href":"https:\/\/api.w.org\/{rel}","templated":true}]}}