{"id":491,"date":"2014-04-19T20:33:28","date_gmt":"2014-04-19T20:33:28","guid":{"rendered":"http:\/\/localhost\/wordpress\/2014\/04\/19\/loro-sa-e-e-o-bornal-das-historias\/"},"modified":"2024-11-24T18:06:35","modified_gmt":"2024-11-24T18:06:35","slug":"loro-sa-e-e-o-bornal-das-historias","status":"publish","type":"post","link":"https:\/\/amoranegra.pt\/?p=491","title":{"rendered":"Loro Sa&#8217;e e o bornal das hist\u00f3rias"},"content":{"rendered":"<p><strong><img loading=\"lazy\" decoding=\"async\" class=\"size-full wp-image-136 alignleft\" src=\"https:\/\/amoranegra.pt\/wp-content\/uploads\/2017\/02\/lorosae_capa.jpg\" alt=\"\" width=\"200\" height=\"290\" \/>T\u00edtulo:<\/strong> Loro Sa&#8217;e e o bornal das hist\u00f3rias<br \/>\n<strong>Autores:<\/strong> Carlos Alberto Silva (texto) e G\u00e9meo Lu\u00eds (ilustra\u00e7\u00f5es)<br \/>\n<strong>Editora:<\/strong> Edi\u00e7\u00f5es Eterog\u00e9meas (Porto)<br \/>\n<strong>Data:<\/strong> 2013<br \/>\n<strong>G\u00e9nero:<\/strong> Infanto-juvenil<br \/>\n<strong>ISBN:<\/strong> 978-989-8324-17-7<br \/>\n<strong>Pre\u00e7o:<\/strong> 7,2 euros<br \/>\n<strong>N\u00ba de p\u00e1ginas:<\/strong> 20<\/p>\n<p><strong>Encomendar a:<\/strong> <a href=\"http:\/\/www.eterogemeas.com\" target=\"_blank\" rel=\"noopener noreferrer\">www.eterogemeas.com<\/a><\/p>\n<p><strong>Sinopse:<\/strong><br \/>\nEscrito no \u00e2mbito da campanha \u00abUma biblioteca para Same &#8211; Timor-Leste\u00bb, este conto articula diversas lendas mauberes, entretecendo uma \u00abhist\u00f3ria m\u00edtica\u00bb do povo timorense, desde a cria\u00e7\u00e3o do mundo ao contacto com os portugueses.<br \/>\nCom a sua est\u00e9tica inconfund\u00edvel, o ilustrador G\u00e9meo Lu\u00eds criou, a abrir, uma narrativa paralela, a que \u00e9 imposs\u00edvel n\u00e3o voltar ap\u00f3s a leitura do texto.<\/p>\n","protected":false},"excerpt":{"rendered":"<p>T\u00edtulo: Loro Sa&#8217;e e o bornal das hist\u00f3rias Autores: Carlos Alberto Silva (texto) e G\u00e9meo Lu\u00eds (ilustra\u00e7\u00f5es) Editora: Edi\u00e7\u00f5es Eterog\u00e9meas (Porto) Data: 2013 G\u00e9nero: Infanto-juvenil ISBN: 978-989-8324-17-7 Pre\u00e7o: 7,2 euros N\u00ba de p\u00e1ginas: 20 Encomendar a: www.eterogemeas.com Sinopse: Escrito no &hellip; <a href=\"https:\/\/amoranegra.pt\/?p=491\">Continuar a ler <span class=\"meta-nav\">&rarr;<\/span><\/a><\/p>\n","protected":false},"author":2,"featured_media":0,"comment_status":"closed","ping_status":"closed","sticky":false,"template":"","format":"standard","meta":{"_jetpack_memberships_contains_paid_content":false,"footnotes":""},"categories":[15],"tags":[],"class_list":["post-491","post","type-post","status-publish","format-standard","hentry","category-infanto-juvenil"],"jetpack_featured_media_url":"","jetpack_sharing_enabled":true,"_links":{"self":[{"href":"https:\/\/amoranegra.pt\/index.php?rest_route=\/wp\/v2\/posts\/491","targetHints":{"allow":["GET"]}}],"collection":[{"href":"https:\/\/amoranegra.pt\/index.php?rest_route=\/wp\/v2\/posts"}],"about":[{"href":"https:\/\/amoranegra.pt\/index.php?rest_route=\/wp\/v2\/types\/post"}],"author":[{"embeddable":true,"href":"https:\/\/amoranegra.pt\/index.php?rest_route=\/wp\/v2\/users\/2"}],"replies":[{"embeddable":true,"href":"https:\/\/amoranegra.pt\/index.php?rest_route=%2Fwp%2Fv2%2Fcomments&post=491"}],"version-history":[{"count":3,"href":"https:\/\/amoranegra.pt\/index.php?rest_route=\/wp\/v2\/posts\/491\/revisions"}],"predecessor-version":[{"id":4903,"href":"https:\/\/amoranegra.pt\/index.php?rest_route=\/wp\/v2\/posts\/491\/revisions\/4903"}],"wp:attachment":[{"href":"https:\/\/amoranegra.pt\/index.php?rest_route=%2Fwp%2Fv2%2Fmedia&parent=491"}],"wp:term":[{"taxonomy":"category","embeddable":true,"href":"https:\/\/amoranegra.pt\/index.php?rest_route=%2Fwp%2Fv2%2Fcategories&post=491"},{"taxonomy":"post_tag","embeddable":true,"href":"https:\/\/amoranegra.pt\/index.php?rest_route=%2Fwp%2Fv2%2Ftags&post=491"}],"curies":[{"name":"wp","href":"https:\/\/api.w.org\/{rel}","templated":true}]}}