{"id":49,"date":"2014-06-03T13:16:32","date_gmt":"2014-06-03T13:16:32","guid":{"rendered":"http:\/\/localhost\/wordpress\/2014\/06\/03\/loro-sa-e-e-o-bornal-das-historias-apresentado-na-figueira-da-foz\/"},"modified":"2014-06-03T13:16:32","modified_gmt":"2014-06-03T13:16:32","slug":"loro-sa-e-e-o-bornal-das-historias-apresentado-na-figueira-da-foz","status":"publish","type":"post","link":"https:\/\/amoranegra.pt\/?p=49","title":{"rendered":"\u00abLoro Sa\u2019e e o bornal das hist\u00f3rias\u00bb apresentado na Figueira da Foz"},"content":{"rendered":"<p><img loading=\"lazy\" decoding=\"async\" class=\"alignnone size-large wp-image-1097\" src=\"https:\/\/amoranegra.pt\/wp-content\/uploads\/2017\/07\/2014_31maio_museu_fig_foz01.jpg?w=625\" alt=\"\" width=\"625\" height=\"445\" srcset=\"https:\/\/amoranegra.pt\/wp-content\/uploads\/2017\/07\/2014_31maio_museu_fig_foz01.jpg 702w, https:\/\/amoranegra.pt\/wp-content\/uploads\/2017\/07\/2014_31maio_museu_fig_foz01-300x214.jpg 300w\" sizes=\"auto, (max-width: 625px) 100vw, 625px\" \/><\/p>\n<p>Foi no meio de v\u00e1rios exemplos da etnografia timorense, que fazem parte do esp\u00f3lio do Museu Municipal Dr. Santos Rocha, da Figueira da Foz, que o escritor Carlos Alberto Silva e o ilustrador G\u00e9meo Lu\u00eds apresentaram o seu livro \u00abLoro Sa\u2019e e o bornal das hist\u00f3rias\u00bb, no passado dia 31 de Maio de 2014. Na mesa, tiveram a companhia do Presidente da Assembleia Municipal local, Jos\u00e9 Duarte Pereira.\u00a0Entre a assist\u00eancia, estiveram v\u00e1rias personalidades da sociedade figueirense e o adido cultural da Embaixada de Timor-Leste em Lisboa.<\/p>\n<p>Os autores contaram as circunst\u00e2ncias em que a obra foi concebida e editada, ap\u00f3s o que houve uma visita a uma exposi\u00e7\u00e3o de originais das ilustra\u00e7\u00f5es do livro, no hall de entrada.<\/p>\n<p>O programa da tarde, que encerrou a iniciativa \u00abMaio \u00e9 Museu!\u00bb, havia sido iniciado com uma exibi\u00e7\u00e3o musical pelo grupo Cordas M\u00e1gicas, a que se seguiu a inaugura\u00e7\u00e3o de uma exposi\u00e7\u00e3o de pintura sobre Timor, da autoria de Jo\u00e3o de Azevedo.<\/p>\n<p>No final, actuou o grupo de dan\u00e7a timorense \u00abMillenium Tais\u00bb.<\/p>\n","protected":false},"excerpt":{"rendered":"<p>Foi no meio de v\u00e1rios exemplos da etnografia timorense, que fazem parte do esp\u00f3lio do Museu Municipal Dr. Santos Rocha, da Figueira da Foz, que o escritor Carlos Alberto Silva e o ilustrador G\u00e9meo Lu\u00eds apresentaram o seu livro \u00abLoro &hellip; <a href=\"https:\/\/amoranegra.pt\/?p=49\">Continuar a ler <span class=\"meta-nav\">&rarr;<\/span><\/a><\/p>\n","protected":false},"author":2,"featured_media":0,"comment_status":"open","ping_status":"open","sticky":false,"template":"","format":"standard","meta":{"_jetpack_memberships_contains_paid_content":false,"footnotes":""},"categories":[5],"tags":[],"class_list":["post-49","post","type-post","status-publish","format-standard","hentry","category-noticias"],"jetpack_featured_media_url":"","jetpack_sharing_enabled":true,"_links":{"self":[{"href":"https:\/\/amoranegra.pt\/index.php?rest_route=\/wp\/v2\/posts\/49","targetHints":{"allow":["GET"]}}],"collection":[{"href":"https:\/\/amoranegra.pt\/index.php?rest_route=\/wp\/v2\/posts"}],"about":[{"href":"https:\/\/amoranegra.pt\/index.php?rest_route=\/wp\/v2\/types\/post"}],"author":[{"embeddable":true,"href":"https:\/\/amoranegra.pt\/index.php?rest_route=\/wp\/v2\/users\/2"}],"replies":[{"embeddable":true,"href":"https:\/\/amoranegra.pt\/index.php?rest_route=%2Fwp%2Fv2%2Fcomments&post=49"}],"version-history":[{"count":0,"href":"https:\/\/amoranegra.pt\/index.php?rest_route=\/wp\/v2\/posts\/49\/revisions"}],"wp:attachment":[{"href":"https:\/\/amoranegra.pt\/index.php?rest_route=%2Fwp%2Fv2%2Fmedia&parent=49"}],"wp:term":[{"taxonomy":"category","embeddable":true,"href":"https:\/\/amoranegra.pt\/index.php?rest_route=%2Fwp%2Fv2%2Fcategories&post=49"},{"taxonomy":"post_tag","embeddable":true,"href":"https:\/\/amoranegra.pt\/index.php?rest_route=%2Fwp%2Fv2%2Ftags&post=49"}],"curies":[{"name":"wp","href":"https:\/\/api.w.org\/{rel}","templated":true}]}}