{"id":489,"date":"2014-05-03T20:47:27","date_gmt":"2014-05-03T20:47:27","guid":{"rendered":"http:\/\/localhost\/wordpress\/2014\/05\/03\/encontro-com-o-escritor-carlos-alberto-silva-na-be-nuno-de-montemor-guarda\/"},"modified":"2014-05-03T20:47:27","modified_gmt":"2014-05-03T20:47:27","slug":"encontro-com-o-escritor-carlos-alberto-silva-na-be-nuno-de-montemor-guarda","status":"publish","type":"post","link":"https:\/\/amoranegra.pt\/?p=489","title":{"rendered":"Encontro com o escritor Carlos Alberto Silva na BE Nuno de Montemor (Guarda)"},"content":{"rendered":"<p><img loading=\"lazy\" decoding=\"async\" style=\"position:relative;display:inline-block;height:403px;margin:0;max-width:100%;padding:8px;\" src=\"http:\/\/amoranegra.wordpress.com\/wp-content\/uploads\/2017\/06\/b14ec-dsc02808.jpg\" alt=\"\" width=\"603\" height=\"213\" \/><br \/>No dia 2 de maio, o professor e escritor Carlos Alberto Silva esteve na BE Nuno de Montemor. Durante as sess\u00f5es o escritor falou-nos da sua atividade como professor bibliotec\u00e1rio e escritor, contou a hist\u00f3ria do seu novo livro,&nbsp;<em>O Livro das Palmas<\/em>, e outras hist\u00f3rias suas e de outros autores utilizando diferentes t\u00e9cnicas.<br \/>No final das sess\u00f5es, os alunos leram os trabalhos realizados, que depois foram entregues ao escritor. Para terminar, houve ainda tempo para uma sess\u00e3o de aut\u00f3grafos.<br \/>Participaram na atividade os alunos do Jardim de Inf\u00e2ncia da Esta\u00e7\u00e3o e as turmas do 1\u00ba, 2\u00ba e 3\u00ba anos da EB da Esta\u00e7\u00e3o.<br \/>O professor Carlos Silva encantou todos os que ouviram as suas hist\u00f3rias!<br \/>FONTE:&nbsp;<a href=\"http:\/\/besmiguel.blogspot.pt\/2014\/05\/encontro-com-o-escritor-carlos-alberto.html\" target=\"_blank\" rel=\"noopener\">http:\/\/besmiguel.blogspot.pt\/2014\/05\/encontro-com-o-escritor-carlos-alberto.html<\/a><\/p>\n","protected":false},"excerpt":{"rendered":"<p>No dia 2 de maio, o professor e escritor Carlos Alberto Silva esteve na BE Nuno de Montemor. Durante as sess\u00f5es o escritor falou-nos da sua atividade como professor bibliotec\u00e1rio e escritor, contou a hist\u00f3ria do seu novo livro,&nbsp;O Livro &hellip; <a href=\"https:\/\/amoranegra.pt\/?p=489\">Continuar a ler <span class=\"meta-nav\">&rarr;<\/span><\/a><\/p>\n","protected":false},"author":2,"featured_media":0,"comment_status":"open","ping_status":"open","sticky":false,"template":"","format":"standard","meta":{"_jetpack_memberships_contains_paid_content":false,"footnotes":""},"categories":[5],"tags":[],"class_list":["post-489","post","type-post","status-publish","format-standard","hentry","category-noticias"],"jetpack_featured_media_url":"","jetpack_sharing_enabled":true,"_links":{"self":[{"href":"https:\/\/amoranegra.pt\/index.php?rest_route=\/wp\/v2\/posts\/489","targetHints":{"allow":["GET"]}}],"collection":[{"href":"https:\/\/amoranegra.pt\/index.php?rest_route=\/wp\/v2\/posts"}],"about":[{"href":"https:\/\/amoranegra.pt\/index.php?rest_route=\/wp\/v2\/types\/post"}],"author":[{"embeddable":true,"href":"https:\/\/amoranegra.pt\/index.php?rest_route=\/wp\/v2\/users\/2"}],"replies":[{"embeddable":true,"href":"https:\/\/amoranegra.pt\/index.php?rest_route=%2Fwp%2Fv2%2Fcomments&post=489"}],"version-history":[{"count":0,"href":"https:\/\/amoranegra.pt\/index.php?rest_route=\/wp\/v2\/posts\/489\/revisions"}],"wp:attachment":[{"href":"https:\/\/amoranegra.pt\/index.php?rest_route=%2Fwp%2Fv2%2Fmedia&parent=489"}],"wp:term":[{"taxonomy":"category","embeddable":true,"href":"https:\/\/amoranegra.pt\/index.php?rest_route=%2Fwp%2Fv2%2Fcategories&post=489"},{"taxonomy":"post_tag","embeddable":true,"href":"https:\/\/amoranegra.pt\/index.php?rest_route=%2Fwp%2Fv2%2Ftags&post=489"}],"curies":[{"name":"wp","href":"https:\/\/api.w.org\/{rel}","templated":true}]}}