{"id":487,"date":"2014-04-19T20:50:02","date_gmt":"2014-04-19T20:50:02","guid":{"rendered":"http:\/\/localhost\/wordpress\/2014\/04\/19\/o-simao-reedicao\/"},"modified":"2024-12-03T20:26:55","modified_gmt":"2024-12-03T20:26:55","slug":"o-simao-reedicao","status":"publish","type":"post","link":"https:\/\/amoranegra.pt\/?p=487","title":{"rendered":"\u00d3 Sim\u00e3o, seu trapalh\u00e3o, j\u00e1 armaste confus\u00e3o!"},"content":{"rendered":"<p><strong><img loading=\"lazy\" decoding=\"async\" class=\"size-medium wp-image-768 alignleft\" src=\"https:\/\/amoranegra.pt\/wp-content\/uploads\/2017\/05\/simao_capa_ed3.jpg?w=213\" alt=\"\" width=\"213\" height=\"300\" srcset=\"https:\/\/amoranegra.pt\/wp-content\/uploads\/2017\/05\/simao_capa_ed3.jpg 425w, https:\/\/amoranegra.pt\/wp-content\/uploads\/2017\/05\/simao_capa_ed3-213x300.jpg 213w\" sizes=\"auto, (max-width: 213px) 100vw, 213px\" \/>T\u00edtulo:<\/strong> \u00d3 Sim\u00e3o, seu trapalh\u00e3o, j\u00e1 armaste confus\u00e3o!<br \/>\n<strong>Autores:<\/strong> Carlos Alberto Silva (texto) e Beatriz Silva (ilustra\u00e7\u00f5es)<br \/>\n<strong>Editora:<\/strong> Edi\u00e7\u00e3o do autor<br \/>\n<strong>Data:<\/strong> 2014<br \/>\n<strong>G\u00e9nero:<\/strong> Infanto-juvenil<br \/>\n<strong>ISBN:<\/strong> 978-989-98960-0-0<br \/>\n<strong>N.\u00ba de p\u00e1ginas:<\/strong> 24<\/p>\n<p><strong>Encomendar<\/strong>: <a href=\"https:\/\/amoranegra.pt\/?p=4954\" target=\"_blank\" rel=\"noreferrer noopener\">contactar<\/a> o autor.<\/p>\n<p><strong>Sinopse:<\/strong><br \/>\nReedi\u00e7\u00e3o do t\u00edtulo do mesmo nome, entretanto esgotado, com novo formato, novas ilustra\u00e7\u00f5es (a cores) e nova capa.<br \/>\nSim\u00e3o \u00e9 um menino como os outros. Excepto numa coisa: \u00e9 muito curioso, teimoso e desastrado. E acontece algumas vezes \u00abesquecer-se de ter cuidado\u00bb. Por isso, mete-se em aventuras perigosas, de onde sai, na maior parte das vezes, magoado. E n\u00e3o se livra do ralhete: \u00ab- \u00d3 Sim\u00e3o, seu trapalh\u00e3o, j\u00e1 armaste confus\u00e3o.\u00bb<br \/>\nUma hist\u00f3ria que, em verso e com sentido de humor, alerta para as consequ\u00eancias dos acidentes dom\u00e9sticos, sobretudo quando os meninos n\u00e3o levam a s\u00e9rio os conselhos dos mais crescidos. O texto \u00e9 uma boa oportunidade para trabalhar esta tem\u00e1tica, em casa ou na sala de aula..<\/p>\n","protected":false},"excerpt":{"rendered":"<p>T\u00edtulo: \u00d3 Sim\u00e3o, seu trapalh\u00e3o, j\u00e1 armaste confus\u00e3o! Autores: Carlos Alberto Silva (texto) e Beatriz Silva (ilustra\u00e7\u00f5es) Editora: Edi\u00e7\u00e3o do autor Data: 2014 G\u00e9nero: Infanto-juvenil ISBN: 978-989-98960-0-0 N.\u00ba de p\u00e1ginas: 24 Encomendar: contactar o autor. Sinopse: Reedi\u00e7\u00e3o do t\u00edtulo do &hellip; <a href=\"https:\/\/amoranegra.pt\/?p=487\">Continuar a ler <span class=\"meta-nav\">&rarr;<\/span><\/a><\/p>\n","protected":false},"author":2,"featured_media":0,"comment_status":"closed","ping_status":"closed","sticky":false,"template":"","format":"standard","meta":{"_jetpack_memberships_contains_paid_content":false,"footnotes":""},"categories":[15],"tags":[],"class_list":["post-487","post","type-post","status-publish","format-standard","hentry","category-infanto-juvenil"],"jetpack_featured_media_url":"","jetpack_sharing_enabled":true,"_links":{"self":[{"href":"https:\/\/amoranegra.pt\/index.php?rest_route=\/wp\/v2\/posts\/487","targetHints":{"allow":["GET"]}}],"collection":[{"href":"https:\/\/amoranegra.pt\/index.php?rest_route=\/wp\/v2\/posts"}],"about":[{"href":"https:\/\/amoranegra.pt\/index.php?rest_route=\/wp\/v2\/types\/post"}],"author":[{"embeddable":true,"href":"https:\/\/amoranegra.pt\/index.php?rest_route=\/wp\/v2\/users\/2"}],"replies":[{"embeddable":true,"href":"https:\/\/amoranegra.pt\/index.php?rest_route=%2Fwp%2Fv2%2Fcomments&post=487"}],"version-history":[{"count":3,"href":"https:\/\/amoranegra.pt\/index.php?rest_route=\/wp\/v2\/posts\/487\/revisions"}],"predecessor-version":[{"id":4970,"href":"https:\/\/amoranegra.pt\/index.php?rest_route=\/wp\/v2\/posts\/487\/revisions\/4970"}],"wp:attachment":[{"href":"https:\/\/amoranegra.pt\/index.php?rest_route=%2Fwp%2Fv2%2Fmedia&parent=487"}],"wp:term":[{"taxonomy":"category","embeddable":true,"href":"https:\/\/amoranegra.pt\/index.php?rest_route=%2Fwp%2Fv2%2Fcategories&post=487"},{"taxonomy":"post_tag","embeddable":true,"href":"https:\/\/amoranegra.pt\/index.php?rest_route=%2Fwp%2Fv2%2Ftags&post=487"}],"curies":[{"name":"wp","href":"https:\/\/api.w.org\/{rel}","templated":true}]}}