{"id":48,"date":"2008-04-29T22:26:00","date_gmt":"2008-04-29T22:26:00","guid":{"rendered":"http:\/\/amoranegra.pt\/wp\/2008\/04\/29\/livros-para-crianas-at-aos-3-anos\/"},"modified":"2008-04-29T22:26:00","modified_gmt":"2008-04-29T22:26:00","slug":"livros-para-crianas-at-aos-3-anos","status":"publish","type":"post","link":"https:\/\/amoranegra.pt\/?p=48","title":{"rendered":"Livros para crian\u00e7as at\u00e9 aos 3 anos"},"content":{"rendered":"<p><img loading=\"lazy\" decoding=\"async\" class=\"alignnone size-full wp-image-158\" src=\"https:\/\/amoranegra.pt\/wp-content\/uploads\/2017\/06\/babywithbooknobackgroundmed.jpg\" alt=\"\" width=\"189\" height=\"370\" srcset=\"https:\/\/amoranegra.pt\/wp-content\/uploads\/2017\/06\/babywithbooknobackgroundmed.jpg 189w, https:\/\/amoranegra.pt\/wp-content\/uploads\/2017\/06\/babywithbooknobackgroundmed-153x300.jpg 153w\" sizes=\"auto, (max-width: 189px) 100vw, 189px\" \/><\/p>\n<p>De acordo com a psicolinguista e pedagoga Sylviane Rigolet, at\u00e9 aos 3 anos de idade, a crian\u00e7a precisa de adquirir conhecimentos b\u00e1sicos sobre as coisas e o vocabul\u00e1rio correspondente (substantivos, verbos, adjectivos). S\u00f3 mais ou menos a partir dessa idade a crian\u00e7a tem a capacidade cognitiva de fazer compara\u00e7\u00f5es: gosta de saber coisas sobre animais, pessoas de diferentes pa\u00edses, como nascem, como vivem, o que comem, etc.; d\u00e1-se a emerg\u00eancia da numeracia (tamanhos, pesos, alturas, cores, etc.).<br \/>\nS\u00f3 mais ou menos a partir dos 4 anos a crian\u00e7a manifesta a capacidade de fantasiar. Por isso, a escolha de livros para crian\u00e7as com menos de 3 anos tem de ser muito criteriosa.<\/p>\n<p><strong>As suas caracter\u00edsticas devem ser as seguintes:<\/strong><br \/>\n&#8211; Ilustra\u00e7\u00f5es com imagens \u00abfotogr\u00e1ficas\u00bb e com cores reais (representa\u00e7\u00e3o bidimensional da realidade envolvente);<br \/>\n&#8211; Tipo \u00abficheiro de imagens\u00bb em que cada imagem \u00e9 uma \u00abnarrativa\u00bb (quase nunca h\u00e1 uma hist\u00f3ria);<br \/>\n&#8211; Retrata temas do quotidiano da crian\u00e7a (rotinas): comer, dormir, brincar, higiene, comunica\u00e7\u00e3o, afecto, etc.;<br \/>\n&#8211; A crian\u00e7a \u00e9 o protagonista;<br \/>\n&#8211; Composi\u00e7\u00f5es simples, com poucos elementos em cada p\u00e1gina;<br \/>\n&#8211; Utiliza\u00e7\u00e3o de materiais resistentes (cart\u00e3o, pano, pl\u00e1stico);<br \/>\n&#8211; Pode ter v\u00e1rias formas de abrir: da direita para a esquerda, para cima, para baixo, etc.;<br \/>\n&#8211; Pode integrar elementos de interac\u00e7\u00e3o t\u00e1ctil: vazamentos, texturas, dobras com elementos escondidos, velcro e bot\u00f5es (para os mais crescidos).<\/p>\n<p><strong>Aten\u00e7\u00e3o:<\/strong> devem evitar-se as discrep\u00e2ncias culturais (sobretudo nos livros de autores estrangeiros): Natal na neve; casas de telhado \u00abem bico\u00bb, pequeno-almo\u00e7o ingl\u00eas, etc.<\/p>\n","protected":false},"excerpt":{"rendered":"<p>De acordo com a psicolinguista e pedagoga Sylviane Rigolet, at\u00e9 aos 3 anos de idade, a crian\u00e7a precisa de adquirir conhecimentos b\u00e1sicos sobre as coisas e o vocabul\u00e1rio correspondente (substantivos, verbos, adjectivos). S\u00f3 mais ou menos a partir dessa idade &hellip; <a href=\"https:\/\/amoranegra.pt\/?p=48\">Continuar a ler <span class=\"meta-nav\">&rarr;<\/span><\/a><\/p>\n","protected":false},"author":2,"featured_media":0,"comment_status":"closed","ping_status":"closed","sticky":false,"template":"","format":"standard","meta":{"_jetpack_memberships_contains_paid_content":false,"footnotes":""},"categories":[14],"tags":[],"class_list":["post-48","post","type-post","status-publish","format-standard","hentry","category-da-leitura"],"jetpack_featured_media_url":"","jetpack_sharing_enabled":true,"_links":{"self":[{"href":"https:\/\/amoranegra.pt\/index.php?rest_route=\/wp\/v2\/posts\/48","targetHints":{"allow":["GET"]}}],"collection":[{"href":"https:\/\/amoranegra.pt\/index.php?rest_route=\/wp\/v2\/posts"}],"about":[{"href":"https:\/\/amoranegra.pt\/index.php?rest_route=\/wp\/v2\/types\/post"}],"author":[{"embeddable":true,"href":"https:\/\/amoranegra.pt\/index.php?rest_route=\/wp\/v2\/users\/2"}],"replies":[{"embeddable":true,"href":"https:\/\/amoranegra.pt\/index.php?rest_route=%2Fwp%2Fv2%2Fcomments&post=48"}],"version-history":[{"count":0,"href":"https:\/\/amoranegra.pt\/index.php?rest_route=\/wp\/v2\/posts\/48\/revisions"}],"wp:attachment":[{"href":"https:\/\/amoranegra.pt\/index.php?rest_route=%2Fwp%2Fv2%2Fmedia&parent=48"}],"wp:term":[{"taxonomy":"category","embeddable":true,"href":"https:\/\/amoranegra.pt\/index.php?rest_route=%2Fwp%2Fv2%2Fcategories&post=48"},{"taxonomy":"post_tag","embeddable":true,"href":"https:\/\/amoranegra.pt\/index.php?rest_route=%2Fwp%2Fv2%2Ftags&post=48"}],"curies":[{"name":"wp","href":"https:\/\/api.w.org\/{rel}","templated":true}]}}