{"id":47,"date":"2009-07-22T16:38:00","date_gmt":"2009-07-22T16:38:00","guid":{"rendered":"http:\/\/amoranegra.pt\/wp\/2009\/07\/22\/oficina-de-contadores-para-pais-e\/"},"modified":"2009-07-22T16:38:00","modified_gmt":"2009-07-22T16:38:00","slug":"oficina-de-contadores-para-pais-e","status":"publish","type":"post","link":"https:\/\/amoranegra.pt\/?p=47","title":{"rendered":"Oficina de Contadores para Pais e Filhos"},"content":{"rendered":"<p>P\u00f3lo de S. Mamede da Biblioteca Municipal da Batalha<br \/>\n25 de Julho de 2009 \u2013 21h00<br \/>\n<a href=\"http:\/\/1.bp.blogspot.com\/_0kkfQ7c7xYQ\/SqvPcs_1LXI\/AAAAAAAAAew\/ZSz2AlA61cA\/s1600-h\/avo_contadora.jpg\"><img decoding=\"async\" id=\"BLOGGER_PHOTO_ID_5380622271846362482\" style=\"cursor:pointer;width:317px;height:400px;\" src=\"http:\/\/amoranegra.wordpress.com\/wp-content\/uploads\/2009\/07\/avo_contadora.jpg\" alt=\"\" border=\"0\" \/><\/a><\/p>\n<p>Apresenta\u00e7\u00e3o:<br \/>\nOs bons leitores n\u00e3o se distinguem dos maus leitores em compet\u00eancias como a intelig\u00eancia, a mem\u00f3ria, a coordena\u00e7\u00e3o visuo-motora, a lateralidade ou o esquema corporal, mas, essencialmente, pelo desenvolvimento lingu\u00edstico que apresentam. Isto porque o dom\u00ednio de um amplo vocabul\u00e1rio \u00e9 indispens\u00e1vel para a aprendizagem da leitura, quer ao n\u00edvel da decifra\u00e7\u00e3o, quer ao n\u00edvel da compreens\u00e3o.<br \/>\nOs pais, como primeiros educadores, devem, desde a mais tenra idade, desenvolver h\u00e1bitos de conversa\u00e7\u00e3o com os filhos, recitando lengalengas, rimas infantis e contos rimados, contando hist\u00f3rias, lendo livros para\/com eles, fazendo disso um momento de prazer e de partilha de afectos.<br \/>\nPor isso esta \u00abOficina de Contadores para Pais e Filhos\u00bb, onde se ir\u00e3o abordar algumas quest\u00f5es sobre a leitura e, sobretudo, praticar diversas estrat\u00e9gias a desenvolver em casa, entre pais e filhos.<\/p>\n","protected":false},"excerpt":{"rendered":"<p>P\u00f3lo de S. Mamede da Biblioteca Municipal da Batalha 25 de Julho de 2009 \u2013 21h00 Apresenta\u00e7\u00e3o: Os bons leitores n\u00e3o se distinguem dos maus leitores em compet\u00eancias como a intelig\u00eancia, a mem\u00f3ria, a coordena\u00e7\u00e3o visuo-motora, a lateralidade ou o &hellip; <a href=\"https:\/\/amoranegra.pt\/?p=47\">Continuar a ler <span class=\"meta-nav\">&rarr;<\/span><\/a><\/p>\n","protected":false},"author":2,"featured_media":0,"comment_status":"closed","ping_status":"closed","sticky":false,"template":"","format":"standard","meta":{"_jetpack_memberships_contains_paid_content":false,"footnotes":""},"categories":[5],"tags":[],"class_list":["post-47","post","type-post","status-publish","format-standard","hentry","category-noticias"],"jetpack_featured_media_url":"","jetpack_sharing_enabled":true,"_links":{"self":[{"href":"https:\/\/amoranegra.pt\/index.php?rest_route=\/wp\/v2\/posts\/47","targetHints":{"allow":["GET"]}}],"collection":[{"href":"https:\/\/amoranegra.pt\/index.php?rest_route=\/wp\/v2\/posts"}],"about":[{"href":"https:\/\/amoranegra.pt\/index.php?rest_route=\/wp\/v2\/types\/post"}],"author":[{"embeddable":true,"href":"https:\/\/amoranegra.pt\/index.php?rest_route=\/wp\/v2\/users\/2"}],"replies":[{"embeddable":true,"href":"https:\/\/amoranegra.pt\/index.php?rest_route=%2Fwp%2Fv2%2Fcomments&post=47"}],"version-history":[{"count":0,"href":"https:\/\/amoranegra.pt\/index.php?rest_route=\/wp\/v2\/posts\/47\/revisions"}],"wp:attachment":[{"href":"https:\/\/amoranegra.pt\/index.php?rest_route=%2Fwp%2Fv2%2Fmedia&parent=47"}],"wp:term":[{"taxonomy":"category","embeddable":true,"href":"https:\/\/amoranegra.pt\/index.php?rest_route=%2Fwp%2Fv2%2Fcategories&post=47"},{"taxonomy":"post_tag","embeddable":true,"href":"https:\/\/amoranegra.pt\/index.php?rest_route=%2Fwp%2Fv2%2Ftags&post=47"}],"curies":[{"name":"wp","href":"https:\/\/api.w.org\/{rel}","templated":true}]}}