{"id":46,"date":"2014-05-28T22:51:31","date_gmt":"2014-05-28T22:51:31","guid":{"rendered":"http:\/\/localhost\/wordpress\/2014\/05\/28\/intervencoes-publicas\/"},"modified":"2014-05-28T22:51:31","modified_gmt":"2014-05-28T22:51:31","slug":"intervencoes-publicas","status":"publish","type":"post","link":"https:\/\/amoranegra.pt\/?p=46","title":{"rendered":"Interven\u00e7\u00f5es p\u00fablicas em agenda"},"content":{"rendered":"<p><img loading=\"lazy\" decoding=\"async\" class=\"alignnone size-full wp-image-1100\" src=\"https:\/\/amoranegra.pt\/wp-content\/uploads\/2017\/07\/museuffoz_31maio2014.jpg\" alt=\"\" width=\"414\" height=\"586\" srcset=\"https:\/\/amoranegra.pt\/wp-content\/uploads\/2017\/07\/museuffoz_31maio2014.jpg 414w, https:\/\/amoranegra.pt\/wp-content\/uploads\/2017\/07\/museuffoz_31maio2014-212x300.jpg 212w\" sizes=\"auto, (max-width: 414px) 100vw, 414px\" \/><\/p>\n<p>Nos pr\u00f3ximos dois s\u00e1bados, o escritor Carlos Alberto Silva participar\u00e1 em duas interven\u00e7\u00f5es p\u00fablicas.<\/p>\n<p>A primeira, no dia 31 de Maio, pelas 16h30, ser\u00e1 no Museu Municipal Dr. Santos Rocha, na Figueira da Foz, na companhia do ilustrador G\u00e9meo Lu\u00eds, com quem apresentar\u00e1 o livro \u00abLoro Sa&#8217;e e o bornal das hist\u00f3rias\u00bb. Haver\u00e1 ainda a inaugura\u00e7\u00e3o de uma exposi\u00e7\u00e3o das ilustra\u00e7\u00f5es deste livro, entre outros eventos relacionados com Timor-Leste.<\/p>\n<p>No s\u00e1bado seguinte, dia 7 de Junho, a partir das 15h00, ser\u00e1 a vez da apresenta\u00e7\u00e3o de \u00abO livro das palmas\u00bb, na Feira do Livro de Leiria (que decorrer\u00e1 nos p\u00e1tios exteriores da Biblioteca Municipal Afonso Lopes Vieira), a convite da Fnac.<\/p>\n","protected":false},"excerpt":{"rendered":"<p>Nos pr\u00f3ximos dois s\u00e1bados, o escritor Carlos Alberto Silva participar\u00e1 em duas interven\u00e7\u00f5es p\u00fablicas. A primeira, no dia 31 de Maio, pelas 16h30, ser\u00e1 no Museu Municipal Dr. Santos Rocha, na Figueira da Foz, na companhia do ilustrador G\u00e9meo Lu\u00eds, &hellip; <a href=\"https:\/\/amoranegra.pt\/?p=46\">Continuar a ler <span class=\"meta-nav\">&rarr;<\/span><\/a><\/p>\n","protected":false},"author":2,"featured_media":0,"comment_status":"open","ping_status":"open","sticky":false,"template":"","format":"standard","meta":{"_jetpack_memberships_contains_paid_content":false,"footnotes":""},"categories":[5],"tags":[],"class_list":["post-46","post","type-post","status-publish","format-standard","hentry","category-noticias"],"jetpack_featured_media_url":"","jetpack_sharing_enabled":true,"_links":{"self":[{"href":"https:\/\/amoranegra.pt\/index.php?rest_route=\/wp\/v2\/posts\/46","targetHints":{"allow":["GET"]}}],"collection":[{"href":"https:\/\/amoranegra.pt\/index.php?rest_route=\/wp\/v2\/posts"}],"about":[{"href":"https:\/\/amoranegra.pt\/index.php?rest_route=\/wp\/v2\/types\/post"}],"author":[{"embeddable":true,"href":"https:\/\/amoranegra.pt\/index.php?rest_route=\/wp\/v2\/users\/2"}],"replies":[{"embeddable":true,"href":"https:\/\/amoranegra.pt\/index.php?rest_route=%2Fwp%2Fv2%2Fcomments&post=46"}],"version-history":[{"count":0,"href":"https:\/\/amoranegra.pt\/index.php?rest_route=\/wp\/v2\/posts\/46\/revisions"}],"wp:attachment":[{"href":"https:\/\/amoranegra.pt\/index.php?rest_route=%2Fwp%2Fv2%2Fmedia&parent=46"}],"wp:term":[{"taxonomy":"category","embeddable":true,"href":"https:\/\/amoranegra.pt\/index.php?rest_route=%2Fwp%2Fv2%2Fcategories&post=46"},{"taxonomy":"post_tag","embeddable":true,"href":"https:\/\/amoranegra.pt\/index.php?rest_route=%2Fwp%2Fv2%2Ftags&post=46"}],"curies":[{"name":"wp","href":"https:\/\/api.w.org\/{rel}","templated":true}]}}