{"id":4564,"date":"2022-07-14T19:28:30","date_gmt":"2022-07-14T19:28:30","guid":{"rendered":"https:\/\/amoranegra.pt\/?p=4564"},"modified":"2022-07-14T19:28:30","modified_gmt":"2022-07-14T19:28:30","slug":"roteiro-arvores-que-contam","status":"publish","type":"post","link":"https:\/\/amoranegra.pt\/?p=4564","title":{"rendered":"Roteiro \u00ab\u00c1rvores que contam\u00bb"},"content":{"rendered":"<p><strong><img loading=\"lazy\" decoding=\"async\" class=\"alignnone  wp-image-4560\" src=\"https:\/\/amoranegra.pt\/wp-content\/uploads\/2022\/07\/arvores-pagina-web.png\" alt=\"\" width=\"426\" height=\"249\" \/><br \/>\nT\u00edtulo:<\/strong> Roteiro \u00ab\u00c1rvores que contam\u00bb<br \/>\n<strong>Autor:<\/strong> Carlos Alberto Silva<br \/>\n<strong>L\u00edngua:<\/strong> Portugu\u00eas<br \/>\n<strong>Destinat\u00e1rios:<\/strong> Transversal<br \/>\n<strong>Sinopse:<\/strong> Roteiro pedestre com informa\u00e7\u00f5es sobre algumas \u00e1rvores significativas do percurso P\u00f3lis de Leiria, acompanhadas pela narra\u00e7\u00e3o de v\u00e1rias lendas do concelho. Para aceder ao itiner\u00e1rio, \u00e9 necess\u00e1rio usar o Google Earth, onde todo o percurso se encontra publicado. Isso pode ser feito atrav\u00e9s de um dispositivo m\u00f3vel com internet e com a aplica\u00e7\u00e3o Google Earth instalada. Mas pode ser tamb\u00e9m fru\u00eddo apenas na sua vers\u00e3o digital, num computador, como um audiolivro \u00abgeolocalizado\u00bb.<br \/>\nTem uma p\u00e1gina de apoio no WordPress, com muita informa\u00e7\u00e3o sobre o projecto.<br \/>\n<strong>Aplica\u00e7\u00f5es usadas:<\/strong> WordPress, Google Earth, Podomatic e Formul\u00e1rios Google.<br \/>\n<strong>Liga\u00e7\u00e3o:<\/strong> <a href=\"https:\/\/arvoresquecontam.wordpress.com\/\" target=\"_blank\" rel=\"noopener\">CLICAR AQUI<\/a><\/p>\n","protected":false},"excerpt":{"rendered":"<p>T\u00edtulo: Roteiro \u00ab\u00c1rvores que contam\u00bb Autor: Carlos Alberto Silva L\u00edngua: Portugu\u00eas Destinat\u00e1rios: Transversal Sinopse: Roteiro pedestre com informa\u00e7\u00f5es sobre algumas \u00e1rvores significativas do percurso P\u00f3lis de Leiria, acompanhadas pela narra\u00e7\u00e3o de v\u00e1rias lendas do concelho. Para aceder ao itiner\u00e1rio, \u00e9 &hellip; <a href=\"https:\/\/amoranegra.pt\/?p=4564\">Continuar a ler <span class=\"meta-nav\">&rarr;<\/span><\/a><\/p>\n","protected":false},"author":2,"featured_media":0,"comment_status":"closed","ping_status":"open","sticky":false,"template":"","format":"standard","meta":{"_jetpack_memberships_contains_paid_content":false,"footnotes":""},"categories":[10],"tags":[],"class_list":["post-4564","post","type-post","status-publish","format-standard","hentry","category-roteiros-de-aprendizagem"],"jetpack_featured_media_url":"","jetpack_sharing_enabled":true,"_links":{"self":[{"href":"https:\/\/amoranegra.pt\/index.php?rest_route=\/wp\/v2\/posts\/4564","targetHints":{"allow":["GET"]}}],"collection":[{"href":"https:\/\/amoranegra.pt\/index.php?rest_route=\/wp\/v2\/posts"}],"about":[{"href":"https:\/\/amoranegra.pt\/index.php?rest_route=\/wp\/v2\/types\/post"}],"author":[{"embeddable":true,"href":"https:\/\/amoranegra.pt\/index.php?rest_route=\/wp\/v2\/users\/2"}],"replies":[{"embeddable":true,"href":"https:\/\/amoranegra.pt\/index.php?rest_route=%2Fwp%2Fv2%2Fcomments&post=4564"}],"version-history":[{"count":0,"href":"https:\/\/amoranegra.pt\/index.php?rest_route=\/wp\/v2\/posts\/4564\/revisions"}],"wp:attachment":[{"href":"https:\/\/amoranegra.pt\/index.php?rest_route=%2Fwp%2Fv2%2Fmedia&parent=4564"}],"wp:term":[{"taxonomy":"category","embeddable":true,"href":"https:\/\/amoranegra.pt\/index.php?rest_route=%2Fwp%2Fv2%2Fcategories&post=4564"},{"taxonomy":"post_tag","embeddable":true,"href":"https:\/\/amoranegra.pt\/index.php?rest_route=%2Fwp%2Fv2%2Ftags&post=4564"}],"curies":[{"name":"wp","href":"https:\/\/api.w.org\/{rel}","templated":true}]}}