{"id":4557,"date":"2022-07-14T19:16:14","date_gmt":"2022-07-14T19:16:14","guid":{"rendered":"https:\/\/amoranegra.pt\/?p=4557"},"modified":"2022-07-14T19:16:14","modified_gmt":"2022-07-14T19:16:14","slug":"conhecer-a-manta","status":"publish","type":"post","link":"https:\/\/amoranegra.pt\/?p=4557","title":{"rendered":"Conhecer \u00abA Manta\u00bb"},"content":{"rendered":"<p><strong><img loading=\"lazy\" decoding=\"async\" class=\"alignnone  wp-image-4559\" src=\"https:\/\/amoranegra.pt\/wp-content\/uploads\/2022\/07\/a-manta-ca.png\" alt=\"\" width=\"204\" height=\"227\" \/><br \/>\nT\u00edtulo:<\/strong> Conhecer \u00abA Manta\u00bb<br \/>\n<strong>Autor:<\/strong> Carlos Alberto Silva<br \/>\n<strong>L\u00edngua:<\/strong> Portugu\u00eas<br \/>\n<strong>Destinat\u00e1rios:<\/strong> 1.\u00ba CEB<br \/>\n<strong>Sinopse:<\/strong> A partir do livro \u00abA manta\u00bb, de Isabel Minh\u00f3s Martins e Yara Kono, promove-se o conhecimento da obra e das respectivas autoras, concluindo-se com um desafio para a cria\u00e7\u00e3o de textos.<br \/>\n<strong>Aplica\u00e7\u00f5es usadas:<\/strong> Formul\u00e1rios Google, Youtube e spinthewheel.io.<br \/>\n<strong>Liga\u00e7\u00e3o:<\/strong> <a href=\"https:\/\/forms.gle\/SHAYGb18g17bBwSm8\" target=\"_blank\" rel=\"noopener\">CLICAR AQUI<\/a><\/p>\n","protected":false},"excerpt":{"rendered":"<p>T\u00edtulo: Conhecer \u00abA Manta\u00bb Autor: Carlos Alberto Silva L\u00edngua: Portugu\u00eas Destinat\u00e1rios: 1.\u00ba CEB Sinopse: A partir do livro \u00abA manta\u00bb, de Isabel Minh\u00f3s Martins e Yara Kono, promove-se o conhecimento da obra e das respectivas autoras, concluindo-se com um desafio &hellip; <a href=\"https:\/\/amoranegra.pt\/?p=4557\">Continuar a ler <span class=\"meta-nav\">&rarr;<\/span><\/a><\/p>\n","protected":false},"author":2,"featured_media":0,"comment_status":"closed","ping_status":"open","sticky":false,"template":"","format":"standard","meta":{"_jetpack_memberships_contains_paid_content":false,"footnotes":""},"categories":[10],"tags":[],"class_list":["post-4557","post","type-post","status-publish","format-standard","hentry","category-roteiros-de-aprendizagem"],"jetpack_featured_media_url":"","jetpack_sharing_enabled":true,"_links":{"self":[{"href":"https:\/\/amoranegra.pt\/index.php?rest_route=\/wp\/v2\/posts\/4557","targetHints":{"allow":["GET"]}}],"collection":[{"href":"https:\/\/amoranegra.pt\/index.php?rest_route=\/wp\/v2\/posts"}],"about":[{"href":"https:\/\/amoranegra.pt\/index.php?rest_route=\/wp\/v2\/types\/post"}],"author":[{"embeddable":true,"href":"https:\/\/amoranegra.pt\/index.php?rest_route=\/wp\/v2\/users\/2"}],"replies":[{"embeddable":true,"href":"https:\/\/amoranegra.pt\/index.php?rest_route=%2Fwp%2Fv2%2Fcomments&post=4557"}],"version-history":[{"count":0,"href":"https:\/\/amoranegra.pt\/index.php?rest_route=\/wp\/v2\/posts\/4557\/revisions"}],"wp:attachment":[{"href":"https:\/\/amoranegra.pt\/index.php?rest_route=%2Fwp%2Fv2%2Fmedia&parent=4557"}],"wp:term":[{"taxonomy":"category","embeddable":true,"href":"https:\/\/amoranegra.pt\/index.php?rest_route=%2Fwp%2Fv2%2Fcategories&post=4557"},{"taxonomy":"post_tag","embeddable":true,"href":"https:\/\/amoranegra.pt\/index.php?rest_route=%2Fwp%2Fv2%2Ftags&post=4557"}],"curies":[{"name":"wp","href":"https:\/\/api.w.org\/{rel}","templated":true}]}}