{"id":4511,"date":"2021-10-30T14:10:30","date_gmt":"2021-10-30T14:10:30","guid":{"rendered":"https:\/\/amoranegra.pt\/?p=4511"},"modified":"2024-12-03T20:24:11","modified_gmt":"2024-12-03T20:24:11","slug":"o-desenho-impaciente","status":"publish","type":"post","link":"https:\/\/amoranegra.pt\/?p=4511","title":{"rendered":"O desenho impaciente"},"content":{"rendered":"<p><strong><img loading=\"lazy\" decoding=\"async\" class=\"alignleft  wp-image-4512\" src=\"https:\/\/amoranegra.pt\/wp-content\/uploads\/2021\/10\/desenho_impaciente_capa.png\" alt=\"\" width=\"267\" height=\"272\" \/>T\u00edtulo:<\/strong> O desenho impaciente<br \/>\n<strong>Autores:<\/strong> Carlos Alberto Silva (texto) e Irene Gomes (ilustra\u00e7\u00f5es)<br \/>\n<strong>Editora:<\/strong> C\u00e2mara Municipal de Leiria<br \/>\n<strong>Data:<\/strong> 2021<br \/>\n<strong>G\u00e9nero:<\/strong> Infanto-juvenil<br \/>\n<strong>ISBN:<\/strong> 978-972-8043-83-4<br \/>\n<strong>N.\u00ba de p\u00e1ginas:<\/strong> 40<\/p>\n<p><strong>Encomendar:<\/strong> Munic\u00edpio de Leiria\u00a0ou <a href=\"https:\/\/amoranegra.pt\/?p=4954\" target=\"_blank\" rel=\"noreferrer noopener\">contactar<\/a> o autor.<\/p>\n<p><strong>Sinopse:<\/strong><br \/>\nVencedor do Pr\u00e9mio Liter\u00e1rio Afonso Lopes Vieira, na modalidade de literatura infantojuvenil (2019) o livro segue o percurso de um desenho inacabado que quer saber que coisa, animal ou pessoa vir\u00e1 a ser. Por isso, num dia de Carnaval, salta do quadro e sai \u00e0 rua, em busca do pintor que o criou. De acordo com o j\u00fari do concurso liter\u00e1rio Afonso Lopes Vieira, o texto \u201cbaseia-se numa intriga aliciante e imaginativa, que abre uma janela para a efabula\u00e7\u00e3o dos leitores\u201d.<\/p>\n","protected":false},"excerpt":{"rendered":"<p>T\u00edtulo: O desenho impaciente Autores: Carlos Alberto Silva (texto) e Irene Gomes (ilustra\u00e7\u00f5es) Editora: C\u00e2mara Municipal de Leiria Data: 2021 G\u00e9nero: Infanto-juvenil ISBN: 978-972-8043-83-4 N.\u00ba de p\u00e1ginas: 40 Encomendar: Munic\u00edpio de Leiria\u00a0ou contactar o autor. Sinopse: Vencedor do Pr\u00e9mio Liter\u00e1rio &hellip; <a href=\"https:\/\/amoranegra.pt\/?p=4511\">Continuar a ler <span class=\"meta-nav\">&rarr;<\/span><\/a><\/p>\n","protected":false},"author":2,"featured_media":0,"comment_status":"closed","ping_status":"open","sticky":false,"template":"","format":"standard","meta":{"_jetpack_memberships_contains_paid_content":false,"footnotes":""},"categories":[15],"tags":[],"class_list":["post-4511","post","type-post","status-publish","format-standard","hentry","category-infanto-juvenil"],"jetpack_featured_media_url":"","jetpack_sharing_enabled":true,"_links":{"self":[{"href":"https:\/\/amoranegra.pt\/index.php?rest_route=\/wp\/v2\/posts\/4511","targetHints":{"allow":["GET"]}}],"collection":[{"href":"https:\/\/amoranegra.pt\/index.php?rest_route=\/wp\/v2\/posts"}],"about":[{"href":"https:\/\/amoranegra.pt\/index.php?rest_route=\/wp\/v2\/types\/post"}],"author":[{"embeddable":true,"href":"https:\/\/amoranegra.pt\/index.php?rest_route=\/wp\/v2\/users\/2"}],"replies":[{"embeddable":true,"href":"https:\/\/amoranegra.pt\/index.php?rest_route=%2Fwp%2Fv2%2Fcomments&post=4511"}],"version-history":[{"count":3,"href":"https:\/\/amoranegra.pt\/index.php?rest_route=\/wp\/v2\/posts\/4511\/revisions"}],"predecessor-version":[{"id":4965,"href":"https:\/\/amoranegra.pt\/index.php?rest_route=\/wp\/v2\/posts\/4511\/revisions\/4965"}],"wp:attachment":[{"href":"https:\/\/amoranegra.pt\/index.php?rest_route=%2Fwp%2Fv2%2Fmedia&parent=4511"}],"wp:term":[{"taxonomy":"category","embeddable":true,"href":"https:\/\/amoranegra.pt\/index.php?rest_route=%2Fwp%2Fv2%2Fcategories&post=4511"},{"taxonomy":"post_tag","embeddable":true,"href":"https:\/\/amoranegra.pt\/index.php?rest_route=%2Fwp%2Fv2%2Ftags&post=4511"}],"curies":[{"name":"wp","href":"https:\/\/api.w.org\/{rel}","templated":true}]}}