{"id":4502,"date":"2021-09-18T13:49:05","date_gmt":"2021-09-18T13:49:05","guid":{"rendered":"https:\/\/amoranegra.pt\/?p=4502"},"modified":"2024-12-07T23:29:43","modified_gmt":"2024-12-07T23:29:43","slug":"apresentacao-publica-do-livro-o-desenho-impaciente","status":"publish","type":"post","link":"https:\/\/amoranegra.pt\/?p=4502","title":{"rendered":"Apresenta\u00e7\u00e3o p\u00fablica do livro \u00abO Desenho Impaciente\u00bb"},"content":{"rendered":"<p><img loading=\"lazy\" decoding=\"async\" class=\"alignnone size-full wp-image-4503\" src=\"https:\/\/amoranegra.pt\/wp-content\/uploads\/2021\/10\/apresenta_desenho_impaciente001.jpg\" alt=\"\" width=\"963\" height=\"687\" \/><\/p>\n<p>O denominado \u00abp\u00e1tio das pir\u00e2mides\u00bb da Biblioteca Municipal Afonso Lopes Vieira, em Leiria, foi o local escolhido para fazer a apresenta\u00e7\u00e3o p\u00fablica do livro \u00abO Desenho Impaciente\u00bb, no passado dia 18 de setembro de 2021, a partir das 17h00.<!--more--><img loading=\"lazy\" decoding=\"async\" class=\"alignnone size-full wp-image-4504\" src=\"https:\/\/amoranegra.pt\/wp-content\/uploads\/2021\/10\/241969962_4594829253901858_9134499386725335370_n.jpg\" alt=\"\" width=\"960\" height=\"720\" \/><\/p>\n<p>A sess\u00e3o iniciou-se com a interven\u00e7\u00e3o do Coro Infantil Mezzo, dirigido por Jorge Narciso, seguindo-se as interven\u00e7\u00f5es dos elementos da mesa, a vereadora da Cultura da C\u00e2mara Municipal de Leiria, Anabela Gra\u00e7a, o autor do texto (vencedor do Pr\u00e9mio Liter\u00e1rio Afonso Lopes Vieira), Carlos Alberto Silva, a ilustradora, Irene Gomes, artista pl\u00e1stica, e o designer gr\u00e1fico Samuel Ramos, que relataram o processo de cria\u00e7\u00e3o do livro, nas suas diversas perspetivas.<\/p>\n<p><img loading=\"lazy\" decoding=\"async\" class=\"alignnone size-large wp-image-4505\" src=\"https:\/\/amoranegra.pt\/wp-content\/uploads\/2021\/10\/242011724_4905833476111465_8744923489663220960_n-1024x576.jpg\" alt=\"\" width=\"584\" height=\"329\" \/><br \/>\nNo final, houve sess\u00e3o de aut\u00f3grafos, no \u00e1trio da BMALV, e inaugura\u00e7\u00e3o da exposi\u00e7\u00e3o das ilustra\u00e7\u00f5es originais, que estar\u00e1 patente na sec\u00e7\u00e3o infantojuvenil at\u00e9 23 de outubro.<br \/>\nNas palavras do autor, \u201co Desenho Impaciente segue o percurso de um desenho inacabado que quer saber que coisa, animal ou pessoa vir\u00e1 a ser. Por isso, num dia de Carnaval, salta do quadro e sai \u00e0 rua, em busca do pintor que o criou\u201d.<br \/>\nDe acordo com o j\u00fari do concurso liter\u00e1rio Afonso Lopes Vieira, o texto \u201cbaseia-se numa intriga aliciante e imaginativa, que abre uma janela para a efabula\u00e7\u00e3o dos leitores\u201d.<\/p>\n<p><img loading=\"lazy\" decoding=\"async\" class=\"alignnone size-full wp-image-4506\" src=\"https:\/\/amoranegra.pt\/wp-content\/uploads\/2021\/10\/apresenta_desenho_impaciente005.jpg\" alt=\"\" width=\"750\" height=\"583\" \/><br \/>\nPosteriormente, realizaram-se ainda v\u00e1rias oficinas de ilustra\u00e7\u00e3o para crian\u00e7as, baseadas no livro e dinamizadas por Irene Gomes.<\/p>\n<p>V\u00eddeo da exposi\u00e7\u00e3o no Facebook: <a href=\"https:\/\/fb.watch\/8Z05A9LO9m\/\" target=\"_blank\" rel=\"noopener\">https:\/\/fb.watch\/8Z05A9LO9m\/<\/a><\/p>\n","protected":false},"excerpt":{"rendered":"<p>O denominado \u00abp\u00e1tio das pir\u00e2mides\u00bb da Biblioteca Municipal Afonso Lopes Vieira, em Leiria, foi o local escolhido para fazer a apresenta\u00e7\u00e3o p\u00fablica do livro \u00abO Desenho Impaciente\u00bb, no passado dia 18 de setembro de 2021, a partir das 17h00.<\/p>\n","protected":false},"author":1,"featured_media":0,"comment_status":"closed","ping_status":"open","sticky":false,"template":"","format":"standard","meta":{"_jetpack_memberships_contains_paid_content":false,"footnotes":""},"categories":[5],"tags":[],"class_list":["post-4502","post","type-post","status-publish","format-standard","hentry","category-noticias"],"jetpack_featured_media_url":"","jetpack_sharing_enabled":true,"_links":{"self":[{"href":"https:\/\/amoranegra.pt\/index.php?rest_route=\/wp\/v2\/posts\/4502","targetHints":{"allow":["GET"]}}],"collection":[{"href":"https:\/\/amoranegra.pt\/index.php?rest_route=\/wp\/v2\/posts"}],"about":[{"href":"https:\/\/amoranegra.pt\/index.php?rest_route=\/wp\/v2\/types\/post"}],"author":[{"embeddable":true,"href":"https:\/\/amoranegra.pt\/index.php?rest_route=\/wp\/v2\/users\/1"}],"replies":[{"embeddable":true,"href":"https:\/\/amoranegra.pt\/index.php?rest_route=%2Fwp%2Fv2%2Fcomments&post=4502"}],"version-history":[{"count":1,"href":"https:\/\/amoranegra.pt\/index.php?rest_route=\/wp\/v2\/posts\/4502\/revisions"}],"predecessor-version":[{"id":4796,"href":"https:\/\/amoranegra.pt\/index.php?rest_route=\/wp\/v2\/posts\/4502\/revisions\/4796"}],"wp:attachment":[{"href":"https:\/\/amoranegra.pt\/index.php?rest_route=%2Fwp%2Fv2%2Fmedia&parent=4502"}],"wp:term":[{"taxonomy":"category","embeddable":true,"href":"https:\/\/amoranegra.pt\/index.php?rest_route=%2Fwp%2Fv2%2Fcategories&post=4502"},{"taxonomy":"post_tag","embeddable":true,"href":"https:\/\/amoranegra.pt\/index.php?rest_route=%2Fwp%2Fv2%2Ftags&post=4502"}],"curies":[{"name":"wp","href":"https:\/\/api.w.org\/{rel}","templated":true}]}}