{"id":44,"date":"2014-04-14T19:23:00","date_gmt":"2014-04-14T19:23:00","guid":{"rendered":"http:\/\/localhost\/wordpress\/2014\/04\/14\/i-coloquio-sobre-miguel-torga-em-leiria-actas\/"},"modified":"2024-11-24T17:10:37","modified_gmt":"2024-11-24T17:10:37","slug":"i-coloquio-sobre-miguel-torga-em-leiria-actas-2","status":"publish","type":"post","link":"https:\/\/amoranegra.pt\/?p=44","title":{"rendered":"I Col\u00f3quio sobre Miguel Torga em Leiria &#8211; Actas"},"content":{"rendered":"<p><strong><img loading=\"lazy\" decoding=\"async\" class=\"size-full wp-image-132 alignleft\" src=\"https:\/\/amoranegra.pt\/wp-content\/uploads\/2017\/02\/capa_torga.jpg\" alt=\"\" width=\"188\" height=\"268\" \/>T\u00edtulo:<\/strong> I Col\u00f3quio sobre Miguel Torga em Leiria &#8211; Actas<br \/>\n<strong>Autores:<\/strong> Carlos Alberto Silva et al.<br \/>\n<strong>Editora:<\/strong> Textiverso (Leiria)<br \/>\n<strong>Data:<\/strong> 2009<br \/>\n<strong>G\u00e9nero:<\/strong> Ensaio<br \/>\n<strong>ISBN:<\/strong> 978-989-8044-17-4<br \/>\n<strong>N\u00famero de p\u00e1ginas:<\/strong> 64<\/p>\n<p><span style=\"color:#ff0000;\"><strong>ESGOTADO<\/strong><\/span><\/p>\n<p><strong>Sinopse:<\/strong><br \/>\nEste livro re\u00fane os textos das comunica\u00e7\u00f5es dos v\u00e1rios participantes no I Col\u00f3quio sobre Miguel Torga em Leiria, realizado justamente em Leiria, no audit\u00f3rio da Caixa de Cr\u00e9dito Agr\u00edcola M\u00fatuo, no dia 2 de Fevereiro de 2008.<br \/>\nFoi uma organiza\u00e7\u00e3o da Delega\u00e7\u00e3o de Leiria da Funda\u00e7\u00e3o INATEL e do Jornal das Cortes e contou com as comunica\u00e7\u00f5es de Carlos Alberto Silva, Renato Nunes, Jos\u00e9 Cymbron, Celeste Alves e Alix de Carvalho.<br \/>\nA publica\u00e7\u00e3o esteve a cargo da Junta de Freguesia de Leiria e da Delega\u00e7\u00e3o de Leiria da Funda\u00e7\u00e3o INATEL.<\/p>\n","protected":false},"excerpt":{"rendered":"<p>T\u00edtulo: I Col\u00f3quio sobre Miguel Torga em Leiria &#8211; Actas Autores: Carlos Alberto Silva et al. Editora: Textiverso (Leiria) Data: 2009 G\u00e9nero: Ensaio ISBN: 978-989-8044-17-4 N\u00famero de p\u00e1ginas: 64 ESGOTADO Sinopse: Este livro re\u00fane os textos das comunica\u00e7\u00f5es dos v\u00e1rios &hellip; <a href=\"https:\/\/amoranegra.pt\/?p=44\">Continuar a ler <span class=\"meta-nav\">&rarr;<\/span><\/a><\/p>\n","protected":false},"author":2,"featured_media":0,"comment_status":"closed","ping_status":"closed","sticky":false,"template":"","format":"standard","meta":{"_jetpack_memberships_contains_paid_content":false,"footnotes":""},"categories":[7],"tags":[],"class_list":["post-44","post","type-post","status-publish","format-standard","hentry","category-outras-edicoes"],"jetpack_featured_media_url":"","jetpack_sharing_enabled":true,"_links":{"self":[{"href":"https:\/\/amoranegra.pt\/index.php?rest_route=\/wp\/v2\/posts\/44","targetHints":{"allow":["GET"]}}],"collection":[{"href":"https:\/\/amoranegra.pt\/index.php?rest_route=\/wp\/v2\/posts"}],"about":[{"href":"https:\/\/amoranegra.pt\/index.php?rest_route=\/wp\/v2\/types\/post"}],"author":[{"embeddable":true,"href":"https:\/\/amoranegra.pt\/index.php?rest_route=\/wp\/v2\/users\/2"}],"replies":[{"embeddable":true,"href":"https:\/\/amoranegra.pt\/index.php?rest_route=%2Fwp%2Fv2%2Fcomments&post=44"}],"version-history":[{"count":1,"href":"https:\/\/amoranegra.pt\/index.php?rest_route=\/wp\/v2\/posts\/44\/revisions"}],"predecessor-version":[{"id":4880,"href":"https:\/\/amoranegra.pt\/index.php?rest_route=\/wp\/v2\/posts\/44\/revisions\/4880"}],"wp:attachment":[{"href":"https:\/\/amoranegra.pt\/index.php?rest_route=%2Fwp%2Fv2%2Fmedia&parent=44"}],"wp:term":[{"taxonomy":"category","embeddable":true,"href":"https:\/\/amoranegra.pt\/index.php?rest_route=%2Fwp%2Fv2%2Fcategories&post=44"},{"taxonomy":"post_tag","embeddable":true,"href":"https:\/\/amoranegra.pt\/index.php?rest_route=%2Fwp%2Fv2%2Ftags&post=44"}],"curies":[{"name":"wp","href":"https:\/\/api.w.org\/{rel}","templated":true}]}}