{"id":40,"date":"2009-09-13T15:14:00","date_gmt":"2009-09-13T15:14:00","guid":{"rendered":"http:\/\/amoranegra.pt\/wp\/2009\/09\/13\/excelentes-razoes-para-ler-com-as\/"},"modified":"2009-09-13T15:14:00","modified_gmt":"2009-09-13T15:14:00","slug":"excelentes-razoes-para-ler-com-as","status":"publish","type":"post","link":"https:\/\/amoranegra.pt\/?p=40","title":{"rendered":"Excelentes raz\u00f5es para ler com as crian\u00e7as"},"content":{"rendered":"<p><img loading=\"lazy\" decoding=\"async\" class=\"alignnone size-large wp-image-1184\" src=\"https:\/\/amoranegra.pt\/wp-content\/uploads\/2017\/07\/familia_livros.jpg?w=625\" alt=\"\" width=\"625\" height=\"422\" srcset=\"https:\/\/amoranegra.pt\/wp-content\/uploads\/2017\/07\/familia_livros.jpg 750w, https:\/\/amoranegra.pt\/wp-content\/uploads\/2017\/07\/familia_livros-300x202.jpg 300w\" sizes=\"auto, (max-width: 625px) 100vw, 625px\" \/><\/p>\n<p>Ouvir ler em voz alta, ler em conjunto, conversar sobre livros desenvolve a intelig\u00eancia e a imagina\u00e7\u00e3o.<br \/>\nOs livros enriquecem o vocabul\u00e1rio e a linguagem.<br \/>\nAs imagens, informa\u00e7\u00f5es e ideias dos livros alargam o conhecimento do mundo.<br \/>\nQuem tem o h\u00e1bito de ler conhece-se melhor a si pr\u00f3prio e compreende melhor os outros.<br \/>\nLer em conjunto \u00e9 divertido, refor\u00e7a o prazer do conv\u00edvio.<br \/>\nOs la\u00e7os afectivos entre as crian\u00e7as e os adultos que lhes l\u00eaem tornam-se mais fortes.<br \/>\nA leitura torna as crian\u00e7as mais calmas, ajuda-as a ganhar autoconfian\u00e7a e poder de decis\u00e3o.<\/p>\n<p><img loading=\"lazy\" decoding=\"async\" class=\"alignnone size-full wp-image-1180\" src=\"https:\/\/amoranegra.pt\/wp-content\/uploads\/2017\/07\/diagrama_leitura_famc3adlia.gif\" alt=\"\" width=\"550\" height=\"406\" \/><\/p>\n","protected":false},"excerpt":{"rendered":"<p>Ouvir ler em voz alta, ler em conjunto, conversar sobre livros desenvolve a intelig\u00eancia e a imagina\u00e7\u00e3o. Os livros enriquecem o vocabul\u00e1rio e a linguagem. As imagens, informa\u00e7\u00f5es e ideias dos livros alargam o conhecimento do mundo. Quem tem o &hellip; <a href=\"https:\/\/amoranegra.pt\/?p=40\">Continuar a ler <span class=\"meta-nav\">&rarr;<\/span><\/a><\/p>\n","protected":false},"author":2,"featured_media":0,"comment_status":"closed","ping_status":"closed","sticky":false,"template":"","format":"standard","meta":{"_jetpack_memberships_contains_paid_content":false,"footnotes":""},"categories":[14],"tags":[],"class_list":["post-40","post","type-post","status-publish","format-standard","hentry","category-da-leitura"],"jetpack_featured_media_url":"","jetpack_sharing_enabled":true,"_links":{"self":[{"href":"https:\/\/amoranegra.pt\/index.php?rest_route=\/wp\/v2\/posts\/40","targetHints":{"allow":["GET"]}}],"collection":[{"href":"https:\/\/amoranegra.pt\/index.php?rest_route=\/wp\/v2\/posts"}],"about":[{"href":"https:\/\/amoranegra.pt\/index.php?rest_route=\/wp\/v2\/types\/post"}],"author":[{"embeddable":true,"href":"https:\/\/amoranegra.pt\/index.php?rest_route=\/wp\/v2\/users\/2"}],"replies":[{"embeddable":true,"href":"https:\/\/amoranegra.pt\/index.php?rest_route=%2Fwp%2Fv2%2Fcomments&post=40"}],"version-history":[{"count":0,"href":"https:\/\/amoranegra.pt\/index.php?rest_route=\/wp\/v2\/posts\/40\/revisions"}],"wp:attachment":[{"href":"https:\/\/amoranegra.pt\/index.php?rest_route=%2Fwp%2Fv2%2Fmedia&parent=40"}],"wp:term":[{"taxonomy":"category","embeddable":true,"href":"https:\/\/amoranegra.pt\/index.php?rest_route=%2Fwp%2Fv2%2Fcategories&post=40"},{"taxonomy":"post_tag","embeddable":true,"href":"https:\/\/amoranegra.pt\/index.php?rest_route=%2Fwp%2Fv2%2Ftags&post=40"}],"curies":[{"name":"wp","href":"https:\/\/api.w.org\/{rel}","templated":true}]}}