{"id":25,"date":"2010-12-19T12:41:00","date_gmt":"2010-12-19T12:41:00","guid":{"rendered":"http:\/\/amoranegra.pt\/wp\/2010\/12\/19\/o-urso-que-perdera-o-coracao-2\/"},"modified":"2010-12-19T12:41:00","modified_gmt":"2010-12-19T12:41:00","slug":"o-urso-que-perdera-o-coracao-2","status":"publish","type":"post","link":"https:\/\/amoranegra.pt\/?p=25","title":{"rendered":"\u00abO urso que perdera o cora\u00e7\u00e3o\u00bb apresentado em Mira de Aire"},"content":{"rendered":"<p><img loading=\"lazy\" decoding=\"async\" class=\"\" src=\"http:\/\/amoranegra.wordpress.com\/wp-content\/uploads\/2010\/12\/urso_mira_aire001.jpg\" width=\"600\" height=\"451\" \/><br \/>\nOs alunos de Mira de Aire estiveram (quase todos) sempre atentos \u00e0s hist\u00f3rias.<\/p>\n<p>\u00abO urso que perdera o cora\u00e7\u00e3o\u00bb foi apresentado no dia 17 de Dezembro, na biblioteca da sede do Agrupamento de Escolas de Mira de Aire, pelo autor, Carlos Alberto Silva. Depois de uma breve conversa com os alunos do 1\u00ba CEB presentes, sobre a sua actividade como escritor e professor bibliotec\u00e1rio, o autor animou a hist\u00f3ria, bem como outras destinadas ao p\u00fablico infantil, como \u00abO Cuquedo\u00bb e \u00abO Pequeno Pai Natal\u00bb. No final, houve lugar a uma sess\u00e3o de aut\u00f3grafos, j\u00e1 que a actividade se inseriu numa feira do livro promovida por aquele Agrupamento de Escolas.<br \/>\nDada a proximidade do per\u00edodo natal\u00edcio, a obra teve muito boa receptividade, sendo escolhida como prenda de Natal por algumas freguesias dos concelhos de Leiria, onde o autor reside, e de Porto de M\u00f3s, onde trabalha. Assim, as crian\u00e7as das freguesias de Cortes (Leiria), Arrimal, S. Pedro e S. Jo\u00e3o Baptista (Porto de M\u00f3s), entre outras, tiveram a surpresa de receber este livro nas festas de Natal das suas escolas.<br \/>\nPublicado em Novembro passado pela Textiverso, este foi o primeiro livro de Carlos Alberto Silva dedicado ao universo infantil. O autor \u00e9 tamb\u00e9m respons\u00e1vel pelas ilustra\u00e7\u00f5es, aplicando digitalmente uma t\u00e9cnica de recorte de pap\u00e9is decorados.<br \/>\nNesta f\u00e1bula, um urso solit\u00e1rio muito mal-humorado, que se refugia no mais escuro da floresta, faz da vida dos outros bichos um verdadeiro inferno.<br \/>\nAlguns animais, no entanto, decidem n\u00e3o deixar cair os bra\u00e7os e tentam que o dito urso volte a sentir no peito o cora\u00e7\u00e3o que uma trag\u00e9dia familiar destro\u00e7ou&#8230;<br \/>\nA editora tem online um \u00abguia de leitura\u00bb desta obra, alojado <a href=\"http:\/\/www.textiverso.com\/images\/stories\/guias\/urso_guia_leitura.pdf\">AQUI<\/a>.<\/p>\n","protected":false},"excerpt":{"rendered":"<p>Os alunos de Mira de Aire estiveram (quase todos) sempre atentos \u00e0s hist\u00f3rias. \u00abO urso que perdera o cora\u00e7\u00e3o\u00bb foi apresentado no dia 17 de Dezembro, na biblioteca da sede do Agrupamento de Escolas de Mira de Aire, pelo autor, &hellip; <a href=\"https:\/\/amoranegra.pt\/?p=25\">Continuar a ler <span class=\"meta-nav\">&rarr;<\/span><\/a><\/p>\n","protected":false},"author":2,"featured_media":0,"comment_status":"closed","ping_status":"closed","sticky":false,"template":"","format":"standard","meta":{"_jetpack_memberships_contains_paid_content":false,"footnotes":""},"categories":[5],"tags":[],"class_list":["post-25","post","type-post","status-publish","format-standard","hentry","category-noticias"],"jetpack_featured_media_url":"","jetpack_sharing_enabled":true,"_links":{"self":[{"href":"https:\/\/amoranegra.pt\/index.php?rest_route=\/wp\/v2\/posts\/25","targetHints":{"allow":["GET"]}}],"collection":[{"href":"https:\/\/amoranegra.pt\/index.php?rest_route=\/wp\/v2\/posts"}],"about":[{"href":"https:\/\/amoranegra.pt\/index.php?rest_route=\/wp\/v2\/types\/post"}],"author":[{"embeddable":true,"href":"https:\/\/amoranegra.pt\/index.php?rest_route=\/wp\/v2\/users\/2"}],"replies":[{"embeddable":true,"href":"https:\/\/amoranegra.pt\/index.php?rest_route=%2Fwp%2Fv2%2Fcomments&post=25"}],"version-history":[{"count":0,"href":"https:\/\/amoranegra.pt\/index.php?rest_route=\/wp\/v2\/posts\/25\/revisions"}],"wp:attachment":[{"href":"https:\/\/amoranegra.pt\/index.php?rest_route=%2Fwp%2Fv2%2Fmedia&parent=25"}],"wp:term":[{"taxonomy":"category","embeddable":true,"href":"https:\/\/amoranegra.pt\/index.php?rest_route=%2Fwp%2Fv2%2Fcategories&post=25"},{"taxonomy":"post_tag","embeddable":true,"href":"https:\/\/amoranegra.pt\/index.php?rest_route=%2Fwp%2Fv2%2Ftags&post=25"}],"curies":[{"name":"wp","href":"https:\/\/api.w.org\/{rel}","templated":true}]}}