{"id":21,"date":"2011-03-27T11:58:00","date_gmt":"2011-03-27T11:58:00","guid":{"rendered":"http:\/\/amoranegra.pt\/wp\/2011\/03\/27\/o-urso-que-perdera-o-coracao_27\/"},"modified":"2011-03-27T11:58:00","modified_gmt":"2011-03-27T11:58:00","slug":"o-urso-que-perdera-o-coracao_27","status":"publish","type":"post","link":"https:\/\/amoranegra.pt\/?p=21","title":{"rendered":"\u00abO urso que perdera o cora\u00e7\u00e3o\u00bb apresentado na Corredoura e no Arrimal"},"content":{"rendered":"<p><img loading=\"lazy\" decoding=\"async\" class=\"\" src=\"http:\/\/amoranegra.wordpress.com\/wp-content\/uploads\/2011\/03\/ji_corr_23mar11.jpg\" width=\"600\" height=\"473\" \/><br \/>\nAspecto da sess\u00e3o da Corredoura.<\/p>\n<p>No \u00e2mbito da \u00abSemana da Leitura\u00bb do Agrupamento de Escolas de Porto de M\u00f3s, realizaram-se, nos dias 23 e 25 de Mar\u00e7o, encontros com o escritor Carlos Alberto Silva, na EB1 e JI da Corredoura e na EB1 do Arrimal, respectivamente.<br \/>\nO autor narrou a sua hist\u00f3ria \u00abO urso que perdera o cora\u00e7\u00e3o\u00bb, publicada no final do ano passado e explicou a t\u00e9cnica utilizada para ilustrar o livro. Apresentou ainda duas hist\u00f3rias que tem (quase) prontas para publica\u00e7\u00e3o: \u00abO espelho dourado\u00bb, igualmente ilustrado por si e \u00ab\u00d3 Sim\u00e3o, seu trapalh\u00e3o&#8230;\u00bb, ilustrado pela sua filha Beatriz Silva. Este \u00faltimo aborda um tema muito actual, o dos acidentes dom\u00e9sticos com crian\u00e7as, alertando para alguns comportamentos de risco, embora numa perspectiva humor\u00edstica.<\/p>\n<p><img loading=\"lazy\" decoding=\"async\" class=\"\" src=\"http:\/\/amoranegra.pt\/wp\/wp-content\/uploads\/2011\/03\/eb1_arrimal_25mar11.jpg\" width=\"600\" height=\"410\" \/><br \/>\nO autor, mostrando p\u00e1ginas de um dos seus pr\u00f3ximos livros, no Arrimal.<\/p>\n<p>Os alunos do Arrimal aproveitaram o momento para realizar uma entrevista ao escritor, que \u00e9 actualmente professor bibliotec\u00e1rio neste Agrupamento.<br \/>\nNo final de cada uma das actividades, houve sess\u00e3o de aut\u00f3grafos.<\/p>\n","protected":false},"excerpt":{"rendered":"<p>Aspecto da sess\u00e3o da Corredoura. No \u00e2mbito da \u00abSemana da Leitura\u00bb do Agrupamento de Escolas de Porto de M\u00f3s, realizaram-se, nos dias 23 e 25 de Mar\u00e7o, encontros com o escritor Carlos Alberto Silva, na EB1 e JI da Corredoura &hellip; <a href=\"https:\/\/amoranegra.pt\/?p=21\">Continuar a ler <span class=\"meta-nav\">&rarr;<\/span><\/a><\/p>\n","protected":false},"author":2,"featured_media":0,"comment_status":"closed","ping_status":"closed","sticky":false,"template":"","format":"standard","meta":{"_jetpack_memberships_contains_paid_content":false,"footnotes":""},"categories":[5],"tags":[],"class_list":["post-21","post","type-post","status-publish","format-standard","hentry","category-noticias"],"jetpack_featured_media_url":"","jetpack_sharing_enabled":true,"_links":{"self":[{"href":"https:\/\/amoranegra.pt\/index.php?rest_route=\/wp\/v2\/posts\/21","targetHints":{"allow":["GET"]}}],"collection":[{"href":"https:\/\/amoranegra.pt\/index.php?rest_route=\/wp\/v2\/posts"}],"about":[{"href":"https:\/\/amoranegra.pt\/index.php?rest_route=\/wp\/v2\/types\/post"}],"author":[{"embeddable":true,"href":"https:\/\/amoranegra.pt\/index.php?rest_route=\/wp\/v2\/users\/2"}],"replies":[{"embeddable":true,"href":"https:\/\/amoranegra.pt\/index.php?rest_route=%2Fwp%2Fv2%2Fcomments&post=21"}],"version-history":[{"count":0,"href":"https:\/\/amoranegra.pt\/index.php?rest_route=\/wp\/v2\/posts\/21\/revisions"}],"wp:attachment":[{"href":"https:\/\/amoranegra.pt\/index.php?rest_route=%2Fwp%2Fv2%2Fmedia&parent=21"}],"wp:term":[{"taxonomy":"category","embeddable":true,"href":"https:\/\/amoranegra.pt\/index.php?rest_route=%2Fwp%2Fv2%2Fcategories&post=21"},{"taxonomy":"post_tag","embeddable":true,"href":"https:\/\/amoranegra.pt\/index.php?rest_route=%2Fwp%2Fv2%2Ftags&post=21"}],"curies":[{"name":"wp","href":"https:\/\/api.w.org\/{rel}","templated":true}]}}